{"id":1171,"date":"2021-08-12T18:14:18","date_gmt":"2021-08-12T18:14:18","guid":{"rendered":"https:\/\/medialiteracyforum.media-azi.md\/?p=1171"},"modified":"2021-08-18T07:22:48","modified_gmt":"2021-08-18T07:22:48","slug":"nadine-gogu","status":"publish","type":"post","link":"https:\/\/medialiteracyforum.media-azi.md\/index.php\/2021\/08\/12\/nadine-gogu\/","title":{"rendered":"Nadine GOGU"},"content":{"rendered":"\n<p><\/p>\n\n\n\n<div class=\"wp-block-media-text is-stacked-on-mobile\"><figure class=\"wp-block-media-text__media\"><img loading=\"lazy\" width=\"1024\" height=\"965\" src=\"https:\/\/medialiteracyforum.media-azi.md\/wp-content\/uploads\/2021\/08\/nadine-gogu-1-1024x965.jpg\" alt=\"\" class=\"wp-image-1279 size-full\" srcset=\"https:\/\/medialiteracyforum.media-azi.md\/wp-content\/uploads\/2021\/08\/nadine-gogu-1-1024x965.jpg 1024w, https:\/\/medialiteracyforum.media-azi.md\/wp-content\/uploads\/2021\/08\/nadine-gogu-1-300x283.jpg 300w, https:\/\/medialiteracyforum.media-azi.md\/wp-content\/uploads\/2021\/08\/nadine-gogu-1-768x723.jpg 768w, https:\/\/medialiteracyforum.media-azi.md\/wp-content\/uploads\/2021\/08\/nadine-gogu-1-1536x1447.jpg 1536w, https:\/\/medialiteracyforum.media-azi.md\/wp-content\/uploads\/2021\/08\/nadine-gogu-1.jpg 2048w\" sizes=\"(max-width: 1024px) 100vw, 1024px\" \/><\/figure><div class=\"wp-block-media-text__content\">\n<h2 style=\"font-size:40px\"><strong>Nadine GOGU<\/strong><\/h2>\n\n\n\n<p>este directoarea executiv\u0103 a Centrului pentru Jurnalism Independent (CJI) din Chi\u0219in\u0103u. \u0218i-a \u00eenceput cariera \u00een jurnalism \u00een anul 1995, iar din 2002 activeaz\u0103 \u00een cadrul CJI.\u00a0 De asemenea, Nadine Gogu este instructoare la \u0218coala de Studii Avansate \u00een Jurnalism de la Chi\u0219in\u0103u, unde pred\u0103 cursul Etica \u0219i diversitatea \u00een mass-media. A realizat o serie de proiecte de cercetare na\u021bionale \u0219i interna\u021bionale axate pe analiza legisla\u021biei mass-media \u0219i a statutului mass-media \u00een Republica Moldova, pe monitorizarea presei \u0219i evaluarea tehnicilor de manipulare \u0219i propagand\u0103 utilizate de media local\u0103 \u0219i str\u0103in\u0103.<\/p>\n\n\n\n<div class=\"wp-block-columns\">\n<div class=\"wp-block-column\" style=\"flex-basis:100%\">\n<div style=\"height:30px\" aria-hidden=\"true\" class=\"wp-block-spacer\"><\/div>\n<\/div>\n<\/div>\n<\/div><\/div>\n","protected":false},"excerpt":{"rendered":"","protected":false},"author":1,"featured_media":1279,"comment_status":"open","ping_status":"open","sticky":false,"template":"","format":"standard","meta":[],"categories":[10],"tags":[],"_links":{"self":[{"href":"https:\/\/medialiteracyforum.media-azi.md\/index.php\/wp-json\/wp\/v2\/posts\/1171"}],"collection":[{"href":"https:\/\/medialiteracyforum.media-azi.md\/index.php\/wp-json\/wp\/v2\/posts"}],"about":[{"href":"https:\/\/medialiteracyforum.media-azi.md\/index.php\/wp-json\/wp\/v2\/types\/post"}],"author":[{"embeddable":true,"href":"https:\/\/medialiteracyforum.media-azi.md\/index.php\/wp-json\/wp\/v2\/users\/1"}],"replies":[{"embeddable":true,"href":"https:\/\/medialiteracyforum.media-azi.md\/index.php\/wp-json\/wp\/v2\/comments?post=1171"}],"version-history":[{"count":4,"href":"https:\/\/medialiteracyforum.media-azi.md\/index.php\/wp-json\/wp\/v2\/posts\/1171\/revisions"}],"predecessor-version":[{"id":1417,"href":"https:\/\/medialiteracyforum.media-azi.md\/index.php\/wp-json\/wp\/v2\/posts\/1171\/revisions\/1417"}],"wp:featuredmedia":[{"embeddable":true,"href":"https:\/\/medialiteracyforum.media-azi.md\/index.php\/wp-json\/wp\/v2\/media\/1279"}],"wp:attachment":[{"href":"https:\/\/medialiteracyforum.media-azi.md\/index.php\/wp-json\/wp\/v2\/media?parent=1171"}],"wp:term":[{"taxonomy":"category","embeddable":true,"href":"https:\/\/medialiteracyforum.media-azi.md\/index.php\/wp-json\/wp\/v2\/categories?post=1171"},{"taxonomy":"post_tag","embeddable":true,"href":"https:\/\/medialiteracyforum.media-azi.md\/index.php\/wp-json\/wp\/v2\/tags?post=1171"}],"curies":[{"name":"wp","href":"https:\/\/api.w.org\/{rel}","templated":true}]}}