{"id":1181,"date":"2021-08-12T18:24:18","date_gmt":"2021-08-12T18:24:18","guid":{"rendered":"https:\/\/medialiteracyforum.media-azi.md\/?p=1181"},"modified":"2021-08-19T13:11:48","modified_gmt":"2021-08-19T13:11:48","slug":"mila-corlateanu","status":"publish","type":"post","link":"https:\/\/medialiteracyforum.media-azi.md\/index.php\/2021\/08\/12\/mila-corlateanu\/","title":{"rendered":"Mila CORL\u0102TEANU"},"content":{"rendered":"\n<p><\/p>\n\n\n\n<div class=\"wp-block-media-text is-stacked-on-mobile\"><figure class=\"wp-block-media-text__media\"><img loading=\"lazy\" width=\"887\" height=\"1024\" src=\"https:\/\/medialiteracyforum.media-azi.md\/wp-content\/uploads\/2021\/08\/Mila1-1-887x1024.jpg\" alt=\"\" class=\"wp-image-1489 size-full\" srcset=\"https:\/\/medialiteracyforum.media-azi.md\/wp-content\/uploads\/2021\/08\/Mila1-1-887x1024.jpg 887w, https:\/\/medialiteracyforum.media-azi.md\/wp-content\/uploads\/2021\/08\/Mila1-1-260x300.jpg 260w, https:\/\/medialiteracyforum.media-azi.md\/wp-content\/uploads\/2021\/08\/Mila1-1-768x887.jpg 768w, https:\/\/medialiteracyforum.media-azi.md\/wp-content\/uploads\/2021\/08\/Mila1-1-1330x1536.jpg 1330w, https:\/\/medialiteracyforum.media-azi.md\/wp-content\/uploads\/2021\/08\/Mila1-1.jpg 1552w\" sizes=\"(max-width: 887px) 100vw, 887px\" \/><\/figure><div class=\"wp-block-media-text__content\">\n<h2 style=\"font-size:40px\"><strong>Mila CORL\u0102TEANU<\/strong><\/h2>\n\n\n\n<p>este jurnalist\u0103 freelance din Chi\u0219in\u0103u \u0219i o persoan\u0103 care crede cu t\u0103rie \u00een puterea societ\u0103\u021bilor informate \u00een care mass-media \u0219i educa\u021bia joac\u0103 un rol crucial. Din 2016 este coordonatoarea DW Akademie al proiectului \u201eConsolidarea competen\u021belor de educa\u021bie media \u00een Republica Moldova\u201d la nivel \u0219colar \u0219i universitar precum \u0219i a activit\u0103\u021bilor non-formale \u00een acest domeniu.<\/p>\n\n\n\n<div class=\"wp-block-columns\">\n<div class=\"wp-block-column\" style=\"flex-basis:100%\">\n<div style=\"height:30px\" aria-hidden=\"true\" class=\"wp-block-spacer\"><\/div>\n<\/div>\n<\/div>\n<\/div><\/div>\n","protected":false},"excerpt":{"rendered":"","protected":false},"author":1,"featured_media":1489,"comment_status":"open","ping_status":"open","sticky":false,"template":"","format":"standard","meta":[],"categories":[10],"tags":[],"_links":{"self":[{"href":"https:\/\/medialiteracyforum.media-azi.md\/index.php\/wp-json\/wp\/v2\/posts\/1181"}],"collection":[{"href":"https:\/\/medialiteracyforum.media-azi.md\/index.php\/wp-json\/wp\/v2\/posts"}],"about":[{"href":"https:\/\/medialiteracyforum.media-azi.md\/index.php\/wp-json\/wp\/v2\/types\/post"}],"author":[{"embeddable":true,"href":"https:\/\/medialiteracyforum.media-azi.md\/index.php\/wp-json\/wp\/v2\/users\/1"}],"replies":[{"embeddable":true,"href":"https:\/\/medialiteracyforum.media-azi.md\/index.php\/wp-json\/wp\/v2\/comments?post=1181"}],"version-history":[{"count":4,"href":"https:\/\/medialiteracyforum.media-azi.md\/index.php\/wp-json\/wp\/v2\/posts\/1181\/revisions"}],"predecessor-version":[{"id":1491,"href":"https:\/\/medialiteracyforum.media-azi.md\/index.php\/wp-json\/wp\/v2\/posts\/1181\/revisions\/1491"}],"wp:featuredmedia":[{"embeddable":true,"href":"https:\/\/medialiteracyforum.media-azi.md\/index.php\/wp-json\/wp\/v2\/media\/1489"}],"wp:attachment":[{"href":"https:\/\/medialiteracyforum.media-azi.md\/index.php\/wp-json\/wp\/v2\/media?parent=1181"}],"wp:term":[{"taxonomy":"category","embeddable":true,"href":"https:\/\/medialiteracyforum.media-azi.md\/index.php\/wp-json\/wp\/v2\/categories?post=1181"},{"taxonomy":"post_tag","embeddable":true,"href":"https:\/\/medialiteracyforum.media-azi.md\/index.php\/wp-json\/wp\/v2\/tags?post=1181"}],"curies":[{"name":"wp","href":"https:\/\/api.w.org\/{rel}","templated":true}]}}