{"id":1184,"date":"2021-08-12T18:22:00","date_gmt":"2021-08-12T18:22:00","guid":{"rendered":"https:\/\/medialiteracyforum.media-azi.md\/?p=1184"},"modified":"2021-08-19T13:16:23","modified_gmt":"2021-08-19T13:16:23","slug":"corina-cepoi-2","status":"publish","type":"post","link":"https:\/\/medialiteracyforum.media-azi.md\/index.php\/2021\/08\/12\/corina-cepoi-2\/","title":{"rendered":"Corina CEPOI"},"content":{"rendered":"\n<p><\/p>\n\n\n\n<div class=\"wp-block-media-text is-stacked-on-mobile\"><figure class=\"wp-block-media-text__media\"><img loading=\"lazy\" width=\"1024\" height=\"680\" src=\"https:\/\/medialiteracyforum.media-azi.md\/wp-content\/uploads\/2021\/08\/Corina-Cepoi-1-1024x680.png\" alt=\"\" class=\"wp-image-886 size-full\" srcset=\"https:\/\/medialiteracyforum.media-azi.md\/wp-content\/uploads\/2021\/08\/Corina-Cepoi-1-1024x680.png 1024w, https:\/\/medialiteracyforum.media-azi.md\/wp-content\/uploads\/2021\/08\/Corina-Cepoi-1-300x199.png 300w, https:\/\/medialiteracyforum.media-azi.md\/wp-content\/uploads\/2021\/08\/Corina-Cepoi-1-768x510.png 768w, https:\/\/medialiteracyforum.media-azi.md\/wp-content\/uploads\/2021\/08\/Corina-Cepoi-1.png 1249w\" sizes=\"(max-width: 1024px) 100vw, 1024px\" \/><\/figure><div class=\"wp-block-media-text__content\">\n<h2 style=\"font-size:40px\"><strong><strong>Corina CEPOI<\/strong><\/strong><\/h2>\n\n\n\n<p>este directoarea reprezentan\u021bei Internews \u00een Moldova. Are o experien\u021b\u0103 de peste 20 de ani \u00een media, comunicare \u0219i societatea civil\u0103. \u00cen calitate de directoare a reprezentan\u021bei Internews \u00een K\u00eerg\u00eezstan \u0219i ulterior \u00een Moldova, a administrat numeroase proiecte de sus\u021binere a presei. A fondat \u0218coala de Studii Avansate \u00een Jurnalism la Centrul pentru Jurnalism Independent din Moldova, a c\u0103rei directoare a fost din 2002. Fiind \u00een aceast\u0103 func\u021bie, Corina Cepoi a implementat \u0219i monitorizat o varietate de proiecte de instruire a jurnali\u0219tilor din Moldova, pentru dezvoltarea unui model de jurnalism etic, obiectiv \u0219i riguros.&nbsp;<\/p>\n\n\n\n<div class=\"wp-block-columns\">\n<div class=\"wp-block-column\" style=\"flex-basis:100%\">\n<div style=\"height:30px\" aria-hidden=\"true\" class=\"wp-block-spacer\"><\/div>\n<\/div>\n<\/div>\n<\/div><\/div>\n","protected":false},"excerpt":{"rendered":"","protected":false},"author":1,"featured_media":886,"comment_status":"open","ping_status":"open","sticky":false,"template":"","format":"standard","meta":[],"categories":[10],"tags":[],"_links":{"self":[{"href":"https:\/\/medialiteracyforum.media-azi.md\/index.php\/wp-json\/wp\/v2\/posts\/1184"}],"collection":[{"href":"https:\/\/medialiteracyforum.media-azi.md\/index.php\/wp-json\/wp\/v2\/posts"}],"about":[{"href":"https:\/\/medialiteracyforum.media-azi.md\/index.php\/wp-json\/wp\/v2\/types\/post"}],"author":[{"embeddable":true,"href":"https:\/\/medialiteracyforum.media-azi.md\/index.php\/wp-json\/wp\/v2\/users\/1"}],"replies":[{"embeddable":true,"href":"https:\/\/medialiteracyforum.media-azi.md\/index.php\/wp-json\/wp\/v2\/comments?post=1184"}],"version-history":[{"count":9,"href":"https:\/\/medialiteracyforum.media-azi.md\/index.php\/wp-json\/wp\/v2\/posts\/1184\/revisions"}],"predecessor-version":[{"id":1498,"href":"https:\/\/medialiteracyforum.media-azi.md\/index.php\/wp-json\/wp\/v2\/posts\/1184\/revisions\/1498"}],"wp:featuredmedia":[{"embeddable":true,"href":"https:\/\/medialiteracyforum.media-azi.md\/index.php\/wp-json\/wp\/v2\/media\/886"}],"wp:attachment":[{"href":"https:\/\/medialiteracyforum.media-azi.md\/index.php\/wp-json\/wp\/v2\/media?parent=1184"}],"wp:term":[{"taxonomy":"category","embeddable":true,"href":"https:\/\/medialiteracyforum.media-azi.md\/index.php\/wp-json\/wp\/v2\/categories?post=1184"},{"taxonomy":"post_tag","embeddable":true,"href":"https:\/\/medialiteracyforum.media-azi.md\/index.php\/wp-json\/wp\/v2\/tags?post=1184"}],"curies":[{"name":"wp","href":"https:\/\/api.w.org\/{rel}","templated":true}]}}