{"id":1503,"date":"2021-08-24T15:41:39","date_gmt":"2021-08-24T15:41:39","guid":{"rendered":"https:\/\/medialiteracyforum.media-azi.md\/?p=1503"},"modified":"2021-08-24T15:45:13","modified_gmt":"2021-08-24T15:45:13","slug":"mari-maasilta","status":"publish","type":"post","link":"https:\/\/medialiteracyforum.media-azi.md\/index.php\/2021\/08\/24\/mari-maasilta\/","title":{"rendered":"Mari Maasilta"},"content":{"rendered":"\n<div class=\"wp-block-media-text is-stacked-on-mobile\"><figure class=\"wp-block-media-text__media\"><img loading=\"lazy\" width=\"576\" height=\"1024\" src=\"https:\/\/medialiteracyforum.media-azi.md\/wp-content\/uploads\/2021\/08\/Mari2-2_adobespark-576x1024.jpg\" alt=\"\" class=\"wp-image-1504 size-full\" srcset=\"https:\/\/medialiteracyforum.media-azi.md\/wp-content\/uploads\/2021\/08\/Mari2-2_adobespark-576x1024.jpg 576w, https:\/\/medialiteracyforum.media-azi.md\/wp-content\/uploads\/2021\/08\/Mari2-2_adobespark-169x300.jpg 169w, https:\/\/medialiteracyforum.media-azi.md\/wp-content\/uploads\/2021\/08\/Mari2-2_adobespark-768x1365.jpg 768w, https:\/\/medialiteracyforum.media-azi.md\/wp-content\/uploads\/2021\/08\/Mari2-2_adobespark-864x1536.jpg 864w, https:\/\/medialiteracyforum.media-azi.md\/wp-content\/uploads\/2021\/08\/Mari2-2_adobespark.jpg 1080w\" sizes=\"(max-width: 576px) 100vw, 576px\" \/><\/figure><div class=\"wp-block-media-text__content\">\n<h2 style=\"font-size:40px\"><strong><strong><strong>Mari Maasilta<\/strong><\/strong><\/strong><\/h2>\n\n\n\n<p>este lector\u0103 universitar\u0103 care cerceteaz\u0103 \u0219i pred\u0103 \u00een domeniul educa\u021biei media la Universitatea din Laponia, Finlanda. \u00cen perioada 2014-2020, Mari a coordonat un program de masterat interna\u021bional \u00een acest domeniu. \u00cen prezent, este implicat\u0103 \u00een proiectele Erasmus Plus Fact-checking \u0219i Educa\u021bie Media Global\u0103 prin Dezvoltarea Pred\u0103rii Online (GloMEd).<\/p>\n\n\n\n<div class=\"wp-block-columns\">\n<div class=\"wp-block-column\" style=\"flex-basis:100%\">\n<div style=\"height:30px\" aria-hidden=\"true\" class=\"wp-block-spacer\"><\/div>\n<\/div>\n<\/div>\n<\/div><\/div>\n","protected":false},"excerpt":{"rendered":"","protected":false},"author":2,"featured_media":1506,"comment_status":"open","ping_status":"open","sticky":false,"template":"","format":"standard","meta":[],"categories":[9],"tags":[],"_links":{"self":[{"href":"https:\/\/medialiteracyforum.media-azi.md\/index.php\/wp-json\/wp\/v2\/posts\/1503"}],"collection":[{"href":"https:\/\/medialiteracyforum.media-azi.md\/index.php\/wp-json\/wp\/v2\/posts"}],"about":[{"href":"https:\/\/medialiteracyforum.media-azi.md\/index.php\/wp-json\/wp\/v2\/types\/post"}],"author":[{"embeddable":true,"href":"https:\/\/medialiteracyforum.media-azi.md\/index.php\/wp-json\/wp\/v2\/users\/2"}],"replies":[{"embeddable":true,"href":"https:\/\/medialiteracyforum.media-azi.md\/index.php\/wp-json\/wp\/v2\/comments?post=1503"}],"version-history":[{"count":1,"href":"https:\/\/medialiteracyforum.media-azi.md\/index.php\/wp-json\/wp\/v2\/posts\/1503\/revisions"}],"predecessor-version":[{"id":1505,"href":"https:\/\/medialiteracyforum.media-azi.md\/index.php\/wp-json\/wp\/v2\/posts\/1503\/revisions\/1505"}],"wp:featuredmedia":[{"embeddable":true,"href":"https:\/\/medialiteracyforum.media-azi.md\/index.php\/wp-json\/wp\/v2\/media\/1506"}],"wp:attachment":[{"href":"https:\/\/medialiteracyforum.media-azi.md\/index.php\/wp-json\/wp\/v2\/media?parent=1503"}],"wp:term":[{"taxonomy":"category","embeddable":true,"href":"https:\/\/medialiteracyforum.media-azi.md\/index.php\/wp-json\/wp\/v2\/categories?post=1503"},{"taxonomy":"post_tag","embeddable":true,"href":"https:\/\/medialiteracyforum.media-azi.md\/index.php\/wp-json\/wp\/v2\/tags?post=1503"}],"curies":[{"name":"wp","href":"https:\/\/api.w.org\/{rel}","templated":true}]}}