{"id":1507,"date":"2021-08-25T12:39:27","date_gmt":"2021-08-25T12:39:27","guid":{"rendered":"https:\/\/medialiteracyforum.media-azi.md\/?p=1507"},"modified":"2021-08-25T12:39:28","modified_gmt":"2021-08-25T12:39:28","slug":"mette-hultgren","status":"publish","type":"post","link":"https:\/\/medialiteracyforum.media-azi.md\/index.php\/2021\/08\/25\/mette-hultgren\/","title":{"rendered":"Mette Hultgren"},"content":{"rendered":"\n<div class=\"wp-block-media-text is-stacked-on-mobile\"><figure class=\"wp-block-media-text__media\"><img loading=\"lazy\" width=\"1024\" height=\"804\" src=\"https:\/\/medialiteracyforum.media-azi.md\/wp-content\/uploads\/2021\/08\/Mette-Hultgren-16x9-1-1024x804.jpg\" alt=\"\" class=\"wp-image-1508 size-full\" srcset=\"https:\/\/medialiteracyforum.media-azi.md\/wp-content\/uploads\/2021\/08\/Mette-Hultgren-16x9-1-1024x804.jpg 1024w, https:\/\/medialiteracyforum.media-azi.md\/wp-content\/uploads\/2021\/08\/Mette-Hultgren-16x9-1-300x236.jpg 300w, https:\/\/medialiteracyforum.media-azi.md\/wp-content\/uploads\/2021\/08\/Mette-Hultgren-16x9-1-768x603.jpg 768w, https:\/\/medialiteracyforum.media-azi.md\/wp-content\/uploads\/2021\/08\/Mette-Hultgren-16x9-1-1536x1206.jpg 1536w, https:\/\/medialiteracyforum.media-azi.md\/wp-content\/uploads\/2021\/08\/Mette-Hultgren-16x9-1-2048x1608.jpg 2048w\" sizes=\"(max-width: 1024px) 100vw, 1024px\" \/><\/figure><div class=\"wp-block-media-text__content\">\n<h2 style=\"font-size:40px\">Mette Hultgren<\/h2>\n\n\n\n<p>activeaz\u0103 \u00een jurnalism din 1995, at\u00e2t \u00een calitate de freelance, c\u00e2t \u0219i cadrul televiziunilor publice &#8211; Televiziunea Suediei (2005-2009) \u0219i Compania suedez\u0103 de radiodifuziune \u00een domeniul educa\u021biei UR (2009-prezent). Din 2017 se preocup\u0103 \u0219i de alte subiecte, cum ar fi educa\u021bia media, promov\u00e2nd \u00een cadrul programelor televizate conceptul de educa\u021bie media. De 20 de ani, Televiziunea UR produce programe cu con\u021binut \u00een domeniul educa\u021biei media, \u00een special pentru liceeni, tineri \u0219i adul\u021bi. \u00cen prezent, UR \u00ee\u0219i concentreaz\u0103 aten\u021bia asupra noilor grupuri-\u021bint\u0103, cum ar fi persoanele v\u00e2rstnice c\u0103rora le lipsesc competen\u021bele de educa\u021bie media \u0219i abilit\u0103\u021bile digitale.<\/p>\n\n\n\n<div class=\"wp-block-columns\">\n<div class=\"wp-block-column\" style=\"flex-basis:100%\">\n<div style=\"height:30px\" aria-hidden=\"true\" class=\"wp-block-spacer\"><\/div>\n<\/div>\n<\/div>\n<\/div><\/div>\n","protected":false},"excerpt":{"rendered":"","protected":false},"author":2,"featured_media":1508,"comment_status":"open","ping_status":"open","sticky":false,"template":"","format":"standard","meta":[],"categories":[9],"tags":[],"_links":{"self":[{"href":"https:\/\/medialiteracyforum.media-azi.md\/index.php\/wp-json\/wp\/v2\/posts\/1507"}],"collection":[{"href":"https:\/\/medialiteracyforum.media-azi.md\/index.php\/wp-json\/wp\/v2\/posts"}],"about":[{"href":"https:\/\/medialiteracyforum.media-azi.md\/index.php\/wp-json\/wp\/v2\/types\/post"}],"author":[{"embeddable":true,"href":"https:\/\/medialiteracyforum.media-azi.md\/index.php\/wp-json\/wp\/v2\/users\/2"}],"replies":[{"embeddable":true,"href":"https:\/\/medialiteracyforum.media-azi.md\/index.php\/wp-json\/wp\/v2\/comments?post=1507"}],"version-history":[{"count":1,"href":"https:\/\/medialiteracyforum.media-azi.md\/index.php\/wp-json\/wp\/v2\/posts\/1507\/revisions"}],"predecessor-version":[{"id":1509,"href":"https:\/\/medialiteracyforum.media-azi.md\/index.php\/wp-json\/wp\/v2\/posts\/1507\/revisions\/1509"}],"wp:featuredmedia":[{"embeddable":true,"href":"https:\/\/medialiteracyforum.media-azi.md\/index.php\/wp-json\/wp\/v2\/media\/1508"}],"wp:attachment":[{"href":"https:\/\/medialiteracyforum.media-azi.md\/index.php\/wp-json\/wp\/v2\/media?parent=1507"}],"wp:term":[{"taxonomy":"category","embeddable":true,"href":"https:\/\/medialiteracyforum.media-azi.md\/index.php\/wp-json\/wp\/v2\/categories?post=1507"},{"taxonomy":"post_tag","embeddable":true,"href":"https:\/\/medialiteracyforum.media-azi.md\/index.php\/wp-json\/wp\/v2\/tags?post=1507"}],"curies":[{"name":"wp","href":"https:\/\/api.w.org\/{rel}","templated":true}]}}