{"id":1525,"date":"2021-08-12T18:15:00","date_gmt":"2021-08-12T18:15:00","guid":{"rendered":"https:\/\/medialiteracyforum.media-azi.md\/?p=1525"},"modified":"2021-09-10T20:07:16","modified_gmt":"2021-09-10T20:07:16","slug":"scott-hocklander","status":"publish","type":"post","link":"https:\/\/medialiteracyforum.media-azi.md\/index.php\/2021\/08\/12\/scott-hocklander\/","title":{"rendered":"Scott HOCKLANDER"},"content":{"rendered":"\n<p><\/p>\n\n\n\n<div class=\"wp-block-media-text is-stacked-on-mobile\" style=\"grid-template-columns:49% auto\"><figure class=\"wp-block-media-text__media\"><img loading=\"lazy\" width=\"1024\" height=\"997\" src=\"https:\/\/medialiteracyforum.media-azi.md\/wp-content\/uploads\/2021\/09\/ScottHocklander-Copie-1024x997.jpg\" alt=\"\" class=\"wp-image-1528 size-full\" srcset=\"https:\/\/medialiteracyforum.media-azi.md\/wp-content\/uploads\/2021\/09\/ScottHocklander-Copie-1024x997.jpg 1024w, https:\/\/medialiteracyforum.media-azi.md\/wp-content\/uploads\/2021\/09\/ScottHocklander-Copie-300x292.jpg 300w, https:\/\/medialiteracyforum.media-azi.md\/wp-content\/uploads\/2021\/09\/ScottHocklander-Copie-768x748.jpg 768w, https:\/\/medialiteracyforum.media-azi.md\/wp-content\/uploads\/2021\/09\/ScottHocklander-Copie.jpg 1500w\" sizes=\"(max-width: 1024px) 100vw, 1024px\" \/><\/figure><div class=\"wp-block-media-text__content\">\n<h2 style=\"font-size:40px\"><strong><strong>Scott HOCKLANDER<\/strong>&nbsp;<\/strong><\/h2>\n\n\n\n<div class=\"wp-block-columns\">\n<div class=\"wp-block-column\" style=\"flex-basis:100%\">\n<div style=\"height:30px\" aria-hidden=\"true\" class=\"wp-block-spacer\"><\/div>\n\n\n\n<p>este&nbsp;\u0219eful Misiunii Agen\u0163iei SUA pentru Dezvoltare Interna\u0163ional\u0103 (USAID) \u00een Moldova. Anterior,<strong>&nbsp;<\/strong>a ocupat func\u021bia de director al Misiunii USAID \u00een Republica Democrat\u0103 Congo \u0219i de director al Biroului Democra\u021bie \u0219i Guvernan\u021b\u0103 \u00een Afganistan. A mai activat \u00een Pakistan \u0219i Etiopia. \u0218i-a \u00eenceput cariera \u00een cadrul Guvernului federal \u00een 1995, activ\u00e2nd \u00een Departamentul American al Agriculturii. Ulterior, a lucrat la Washington DC \u00een cadrul Programelor Interna\u021bionale ale Serviciului Forestier SUA. Este n\u0103scut \u00een Gooding, Idaho. \u0218i-a f\u0103cut studiile la Universitatea American\u0103 din Bulgaria, este licen\u021biat \u00een \u0219tiin\u021be politice la Universitatea Willamette \u0219i de\u021bine un masterat \u00een studii de dezvoltare la Universitatea George Washington.<\/p>\n<\/div>\n<\/div>\n\n\n\n<figure class=\"wp-block-gallery columns-0 is-cropped\"><ul class=\"blocks-gallery-grid\"><\/ul><\/figure>\n<\/div><\/div>\n","protected":false},"excerpt":{"rendered":"","protected":false},"author":2,"featured_media":1528,"comment_status":"open","ping_status":"open","sticky":false,"template":"","format":"standard","meta":[],"categories":[10],"tags":[],"_links":{"self":[{"href":"https:\/\/medialiteracyforum.media-azi.md\/index.php\/wp-json\/wp\/v2\/posts\/1525"}],"collection":[{"href":"https:\/\/medialiteracyforum.media-azi.md\/index.php\/wp-json\/wp\/v2\/posts"}],"about":[{"href":"https:\/\/medialiteracyforum.media-azi.md\/index.php\/wp-json\/wp\/v2\/types\/post"}],"author":[{"embeddable":true,"href":"https:\/\/medialiteracyforum.media-azi.md\/index.php\/wp-json\/wp\/v2\/users\/2"}],"replies":[{"embeddable":true,"href":"https:\/\/medialiteracyforum.media-azi.md\/index.php\/wp-json\/wp\/v2\/comments?post=1525"}],"version-history":[{"count":6,"href":"https:\/\/medialiteracyforum.media-azi.md\/index.php\/wp-json\/wp\/v2\/posts\/1525\/revisions"}],"predecessor-version":[{"id":1537,"href":"https:\/\/medialiteracyforum.media-azi.md\/index.php\/wp-json\/wp\/v2\/posts\/1525\/revisions\/1537"}],"wp:featuredmedia":[{"embeddable":true,"href":"https:\/\/medialiteracyforum.media-azi.md\/index.php\/wp-json\/wp\/v2\/media\/1528"}],"wp:attachment":[{"href":"https:\/\/medialiteracyforum.media-azi.md\/index.php\/wp-json\/wp\/v2\/media?parent=1525"}],"wp:term":[{"taxonomy":"category","embeddable":true,"href":"https:\/\/medialiteracyforum.media-azi.md\/index.php\/wp-json\/wp\/v2\/categories?post=1525"},{"taxonomy":"post_tag","embeddable":true,"href":"https:\/\/medialiteracyforum.media-azi.md\/index.php\/wp-json\/wp\/v2\/tags?post=1525"}],"curies":[{"name":"wp","href":"https:\/\/api.w.org\/{rel}","templated":true}]}}