{"id":1533,"date":"2021-09-09T09:41:27","date_gmt":"2021-09-09T09:41:27","guid":{"rendered":"https:\/\/medialiteracyforum.media-azi.md\/?p=1533"},"modified":"2021-09-09T09:41:28","modified_gmt":"2021-09-09T09:41:28","slug":"alexandra-barbaneagra","status":"publish","type":"post","link":"https:\/\/medialiteracyforum.media-azi.md\/index.php\/2021\/09\/09\/alexandra-barbaneagra\/","title":{"rendered":"Alexandra BARB\u0102NEAGR\u0102"},"content":{"rendered":"\n<p><\/p>\n\n\n\n<div class=\"wp-block-media-text is-stacked-on-mobile\" style=\"grid-template-columns:49% auto\"><figure class=\"wp-block-media-text__media\"><img loading=\"lazy\" width=\"510\" height=\"510\" src=\"https:\/\/medialiteracyforum.media-azi.md\/wp-content\/uploads\/2021\/09\/ab_ft-510x510-1.jpg\" alt=\"\" class=\"wp-image-1534 size-full\" srcset=\"https:\/\/medialiteracyforum.media-azi.md\/wp-content\/uploads\/2021\/09\/ab_ft-510x510-1.jpg 510w, https:\/\/medialiteracyforum.media-azi.md\/wp-content\/uploads\/2021\/09\/ab_ft-510x510-1-300x300.jpg 300w, https:\/\/medialiteracyforum.media-azi.md\/wp-content\/uploads\/2021\/09\/ab_ft-510x510-1-150x150.jpg 150w, https:\/\/medialiteracyforum.media-azi.md\/wp-content\/uploads\/2021\/09\/ab_ft-510x510-1-400x400.jpg 400w, https:\/\/medialiteracyforum.media-azi.md\/wp-content\/uploads\/2021\/09\/ab_ft-510x510-1-100x100.jpg 100w\" sizes=\"(max-width: 510px) 100vw, 510px\" \/><\/figure><div class=\"wp-block-media-text__content\">\n<h2 style=\"font-size:40px\"><strong><strong><strong>Alexandra BARB\u0102NEAGR\u0102<\/strong><\/strong><\/strong><\/h2>\n\n\n\n<div class=\"wp-block-columns\">\n<div class=\"wp-block-column\" style=\"flex-basis:100%\">\n<div style=\"height:30px\" aria-hidden=\"true\" class=\"wp-block-spacer\"><\/div>\n\n\n\n<p>este rector al Universit\u0103\u021bii Pedagogice de Stat \u201eIon Creang\u0103\u201d din 2020. A preluat aceast\u0103 func\u021bie \u00eentr-un an aniversar, c\u00e2nd Universitatea a \u00eemplinit onorabila v\u00e2rst\u0103 de 80 de ani. \u00ce\u0219i propune s\u0103 consolideze pozi\u021bia Universit\u0103\u021bii Pedagogice de Stat ,,Ion Creang\u0103\u201d \u00een spa\u021biul na\u021bional \u0219i interna\u021bional \u00een domeniul educa\u021biei, cercet\u0103rii, inov\u0103rii \u0219i digitaliz\u0103rii. A sus\u021binut lansarea programului de formare continu\u0103 <strong>Educa\u021bia pentru media<\/strong> \u00een cadrul Universit\u0103\u021bii Pedagogice, fapt care permite cadrelor didactice s\u0103-\u0219i dezvolte competen\u021bele media \u0219i s\u0103 predea disciplina op\u021bional\u0103 Educa\u021bie pentru media \u00een \u0219coal\u0103.\u00a0\u00a0<\/p>\n<\/div>\n<\/div>\n\n\n\n<figure class=\"wp-block-gallery columns-0 is-cropped\"><ul class=\"blocks-gallery-grid\"><\/ul><\/figure>\n<\/div><\/div>\n","protected":false},"excerpt":{"rendered":"","protected":false},"author":2,"featured_media":1534,"comment_status":"open","ping_status":"open","sticky":false,"template":"","format":"standard","meta":[],"categories":[10],"tags":[],"_links":{"self":[{"href":"https:\/\/medialiteracyforum.media-azi.md\/index.php\/wp-json\/wp\/v2\/posts\/1533"}],"collection":[{"href":"https:\/\/medialiteracyforum.media-azi.md\/index.php\/wp-json\/wp\/v2\/posts"}],"about":[{"href":"https:\/\/medialiteracyforum.media-azi.md\/index.php\/wp-json\/wp\/v2\/types\/post"}],"author":[{"embeddable":true,"href":"https:\/\/medialiteracyforum.media-azi.md\/index.php\/wp-json\/wp\/v2\/users\/2"}],"replies":[{"embeddable":true,"href":"https:\/\/medialiteracyforum.media-azi.md\/index.php\/wp-json\/wp\/v2\/comments?post=1533"}],"version-history":[{"count":1,"href":"https:\/\/medialiteracyforum.media-azi.md\/index.php\/wp-json\/wp\/v2\/posts\/1533\/revisions"}],"predecessor-version":[{"id":1535,"href":"https:\/\/medialiteracyforum.media-azi.md\/index.php\/wp-json\/wp\/v2\/posts\/1533\/revisions\/1535"}],"wp:featuredmedia":[{"embeddable":true,"href":"https:\/\/medialiteracyforum.media-azi.md\/index.php\/wp-json\/wp\/v2\/media\/1534"}],"wp:attachment":[{"href":"https:\/\/medialiteracyforum.media-azi.md\/index.php\/wp-json\/wp\/v2\/media?parent=1533"}],"wp:term":[{"taxonomy":"category","embeddable":true,"href":"https:\/\/medialiteracyforum.media-azi.md\/index.php\/wp-json\/wp\/v2\/categories?post=1533"},{"taxonomy":"post_tag","embeddable":true,"href":"https:\/\/medialiteracyforum.media-azi.md\/index.php\/wp-json\/wp\/v2\/tags?post=1533"}],"curies":[{"name":"wp","href":"https:\/\/api.w.org\/{rel}","templated":true}]}}