{"id":1557,"date":"2021-08-27T09:23:00","date_gmt":"2021-08-27T09:23:00","guid":{"rendered":"https:\/\/medialiteracyforum.media-azi.md\/?p=1557"},"modified":"2021-09-18T09:24:56","modified_gmt":"2021-09-18T09:24:56","slug":"moldova-media-literacy-forum-ce-tematici-vor-fi-abordate-in-cadrul-masterclassurilor","status":"publish","type":"post","link":"https:\/\/medialiteracyforum.media-azi.md\/index.php\/2021\/08\/27\/moldova-media-literacy-forum-ce-tematici-vor-fi-abordate-in-cadrul-masterclassurilor\/","title":{"rendered":"Moldova Media Literacy Forum \/\/ Ce tematici vor fi abordate \u00een cadrul masterclassurilor"},"content":{"rendered":"\n<figure class=\"wp-block-gallery columns-1 is-cropped\"><ul class=\"blocks-gallery-grid\"><li class=\"blocks-gallery-item\"><figure><img loading=\"lazy\" width=\"1024\" height=\"808\" src=\"https:\/\/medialiteracyforum.media-azi.md\/wp-content\/uploads\/2021\/09\/2-1024x808.png\" alt=\"\" data-id=\"1558\" data-full-url=\"https:\/\/medialiteracyforum.media-azi.md\/wp-content\/uploads\/2021\/09\/2.png\" data-link=\"https:\/\/medialiteracyforum.media-azi.md\/?attachment_id=1558\" class=\"wp-image-1558\" srcset=\"https:\/\/medialiteracyforum.media-azi.md\/wp-content\/uploads\/2021\/09\/2-1024x808.png 1024w, https:\/\/medialiteracyforum.media-azi.md\/wp-content\/uploads\/2021\/09\/2-300x237.png 300w, https:\/\/medialiteracyforum.media-azi.md\/wp-content\/uploads\/2021\/09\/2-768x606.png 768w, https:\/\/medialiteracyforum.media-azi.md\/wp-content\/uploads\/2021\/09\/2.png 1140w\" sizes=\"(max-width: 1024px) 100vw, 1024px\" \/><\/figure><\/li><\/ul><\/figure>\n\n\n\n<p>Centrul pentru Jurnalism Independent organizeaz\u0103 pe&nbsp;<strong>17 septembrie<\/strong>&nbsp;primul forum de educa\u021bie media \u2013&nbsp;<a href=\"https:\/\/medialiteracyforum.media-azi.md\/\">Moldova Media Literacy Forum<\/a>. La eveniment sunt invita\u021bi profesorii de Educa\u021bie pentru media, pentru a discuta despre ultimele tendin\u021be \u0219i provoc\u0103ri \u00een domeniu. Dac\u0103 \u00een prima parte a zilei vor avea loc mai multe sesiuni comune cu participarea exper\u021bilor locali \u0219i str\u0103ini, atunci iar \u00een cea de-a doua parte a zilei vor fi organizate \u0219ase masterclassuri la care profesorii se pot \u00eenscrie \u00een prealabil, \u00een func\u021bie de preferin\u021bele \u00een raport cu subiectele care vor fi abordate.<\/p>\n\n\n\n<p>Astfel, experta media&nbsp;<strong>Iulia Zoria<\/strong>, din Ucraina, va ajuta profesorii s\u0103 integreze eficient conceptele de educa\u021bie media \u00een cadrul disciplinelor reale. \u201e\u00centr-o lume dominat\u0103 de informa\u021bii, orice persoan\u0103 trebuie s\u0103 fie capabil\u0103 s\u0103 o evalueze critic, s\u0103 \u0219tie \u00een ce surse poate avea \u00eencredere, ce sunt \u0219tirile false \u0219i cum s\u0103 se protejeze de manipulare. Dac\u0103 sunte\u021bi interesat s\u0103 afla\u021bi despre particularit\u0103\u021bile integr\u0103rii conceptelor de educa\u021bie media \u00een cadrul disciplinelor reale, fapt care va permite elevilor s\u0103 \u00eenve\u021be s\u0103 g\u00e2ndeasc\u0103 critic, s\u0103 caute \u0219i s\u0103 verifice informa\u021bii, s\u0103 analizeze con\u021binutul media \u0219i s\u0103 creeze singuri produse media, v\u0103 invit s\u0103 la sesiunea \u00abMediaerudit\u00bb\u201d, spune Iulia Zorea.<\/p>\n\n\n\n<p>Directoarea executiv\u0103 a Centrului pentru Jurnalism Independent din Rom\u00e2nia,&nbsp;<strong>Cristina Lupu,<\/strong>&nbsp;va \u00eencuraja profesorii s\u0103 integreze conceptele de Educa\u021bie pentru media \u00een cadrul disciplinelor socio-umane. \u201eVre\u021bi s\u0103 afla\u021bi cum Harap Alb a devenit aliatul profesorilor \u00een educa\u021bia media? Sau cum Alexandru L\u0103pu\u0219neanu \u00eei \u00eenva\u021b\u0103 pe elevi elementele discursului manipulator? Educa\u021bia media este mai mult dec\u00e2t o materie \u0219colar\u0103. Aceasta \u00eei ajut\u0103 pe profesori s\u0103 creasc\u0103 genera\u021bii cu ochii deschi\u0219i. V\u0103 invit\u0103m la o discu\u021bie despre experien\u021ba Centrului pentru Jurnalism Independent de la Bucure\u0219ti \u00een a-i sprijini pe profesori&nbsp;s\u0103 dezvolte competen\u021be media la disciplinele care exist\u0103 deja \u00een programa \u0219colar\u0103 \u2013 limba rom\u00e2n\u0103, limbi str\u0103ine \u0219i disciplinele socio-umane\u201d, spune Cristina Lupu.<\/p>\n\n\n\n<p><strong>Evaldas Rupkus,<\/strong>&nbsp;trainer de educa\u021bie pentru media \u0219i manager de proiect \u00een cadrul Deutsche Welle Akademie, Germania, va organiza o sesiune pentru a le vorbi profesorilor despre tehnicile de predare a Educa\u021biei pentru media prin intermediul instrumentelor digitale pentru a face lec\u021bii mai interactive. \u201e\u00cen timpul pred\u0103rii la distan\u021b\u0103, am descoperit (dez)avantajele instrumentelor de \u00eenv\u0103\u021b\u0103re-predare online. Resursele digitale au fost accesibile de mai mult timp, \u00eens\u0103 acum am devenit mai versa\u021bi \u00een utilizarea acestora. Dar cum s\u0103 le integr\u0103m astfel \u00eenc\u00e2t s\u0103 aduc\u0103 beneficii lec\u021biilor noastre? Acest masterclass va familiariza participan\u021bii cu c\u00e2teva instrumente digitale care pot fi utilizate at\u00e2t online, c\u00e2t \u0219i la lec\u021biile cu prezen\u021b\u0103 fizic\u0103\u201d, afirm\u0103 Evaldas Rupkus.<\/p>\n\n\n\n<p><strong>Michelle Iliev<\/strong>, fondatoarea Edu Tolk, prima emisiune despre educa\u021bie din Moldova, \u00een care se dezbat idei, solu\u021bii \u0219i provoc\u0103ri despre viitorul educa\u021biei, va sus\u021bine o sesiune \u00een care va vorbi despre influencerii de pe TikTok \u0219i Instagram \u2013 ce promoveaz\u0103 \u0219i ce valori transmit. \u201eDe r\u00e2nd cu \u0219coala, influencerii educ\u0103 \u0219i ei \u00eentr-o anumit\u0103 m\u0103sur\u0103 genera\u021bia de ast\u0103zi. Re\u021belele sociale sunt parte din via\u021ba elevilor, oric\u00e2t de mult am lupta cu ele.&nbsp;\u00cen acest workshop vom discuta despre profilele influencerilor de pe re\u021belele sociale precum TikTok \u0219i Instagram, vom analiza ce promoveaz\u0103 fiecare dintre ei \u0219i ce valori transmit urm\u0103ritorilor lor\u201d, spune Michelle Iliev.<\/p>\n\n\n\n<p>Formatoarea media&nbsp;<strong>Natalia Gribine\u021b-Strogoteanu&nbsp;<\/strong>\u0219i psihologul&nbsp;<strong>Sergiu Toma<\/strong>&nbsp;vor face echip\u0103 pentru a discuta despre unul din cele mai sensibile subiecte care vizeaz\u0103 educa\u021bia media \u2013 h\u0103r\u021buirea elevilor \u00een mediul online. Cel mai important, ei vor \u00eencerca s\u0103 afle, \u00eempreun\u0103 cu participan\u021bii, care este rolul profesorului \u00een asemenea situa\u021bii. \u201eCirca 70,8% din totalul elevilor din R. Moldova sunt victime ale bullying-ului, dintre care circa 28,9% sunt afectate de ambele forme, adic\u0103 inclusiv de cyberbullying. Fiecare dintre noi poate deveni victim\u0103 a cyberbullying-ului, \u00eens\u0103 cei mai vulnerabili sunt adolescen\u021bii\/elevii. \u00cen prezent, la nivel na\u021bional, nu avem o strategie de prevenire a&nbsp;h\u0103r\u021buirii&nbsp;\u00een mediul online, dar mai multe organiza\u021bii neguvernamentale, c\u00e2t \u0219i Ministerul Educa\u021biei \u0219i Cercet\u0103rii \u00ee\u0219i consolideaz\u0103 eforturile \u00een realizarea mai multor programe de suport at\u00e2t pentru elevi, c\u00e2t \u0219i pentru profesori. La atelierul de cyberbullying&nbsp;din cadrul&nbsp;Moldova Media Literacy Forum&nbsp;vom pune accentul pe starea psihologic\u0103 a elevilor: ce simt \u0219i cum se comport\u0103 atunci c\u00e2nd sunt h\u0103r\u021bui\u021bi; cum ar fi util s\u0103 reac\u021bioneze profesorii; ce atitudini \u0219i reac\u021bii s\u0103 aib\u0103. Empatia unui profesor poate fi un suport valoros pentru elevi\u201d, consider\u0103 cei doi formatori ai sesiunii.<\/p>\n\n\n\n<p>Cercet\u0103toarea media&nbsp;<strong>Aneta Gon\u021ba<\/strong>&nbsp;va \u00eencerca analiza \u00eempreun\u0103 cu profesorii no\u021biunea de &nbsp;dezordine informa\u021bional\u0103 pe timp de pandemie. \u201ePandemia generat\u0103 de virusul SARS CoV2 a primit repede \u0219i eticheta de infodemie, ultimul fiind un cuv\u00e2nt creat din fuzionarea altor dou\u0103 \u2013 informa\u021bie \u0219i epidemie, \u00eensemn\u00e2nd propagarea larg\u0103 \u0219i rapid\u0103 a unui amestesc de informa\u021bii exacte \u0219i inexacte, adev\u0103rate \u0219i false cu privire la epidemie. Organiza\u021bia Mondial\u0103 a S\u0103n\u0103t\u0103\u021bii \u00eens\u0103\u0219i a declarat acest fenomen extrem de periculos \u0219i a legiferat cuv\u00e2ntul ca neologism. Infodemia, prin urmare, acompaniaz\u0103 pandemia de la \u00eenceputul ei \u0219i nu d\u0103 semne de retragere. Dezordinea informa\u021biei, care deja lua amploare incontrolabil\u0103 \u00eenainte de anul 2020 prin \u0219tiri false, imagini trucate, mesaje distorsionate, dezinformare, propagand\u0103 etc., a primit o lovitur\u0103 puternic\u0103 odat\u0103 cu declan\u0219area pandemiei. Cum anume, \u00eencerc\u0103m s\u0103 ne l\u0103murim \u00eempreun\u0103, pe 17 septembrie, la Moldova Media Literacy Forum\u201d, spune formatoarea.<\/p>\n\n\n\n<p>Masterclassurile se vor desf\u0103\u0219ura concomitent \u00een dou\u0103 runde, \u00een intervalul orelor 14.00-15.00 \u0219i, respectiv, 15.00-16.00, iar profesorii au posibilitatea s\u0103 se \u00eenregistreze \u00een prealabil \u00een func\u021bie de preferin\u021be.<\/p>\n\n\n\n<p>Participan\u021bii\/ele sunt \u00eencuraja\u021bi\/te s\u0103 se \u00eenscrie la eveniment folosind butonul&nbsp;<a href=\"https:\/\/medialiteracyforum.media-azi.md\/index.php\/forma-de-inregistrare\/\">\u00cenregistreaz\u0103-te&nbsp;<\/a>de pe platforma&nbsp;<a href=\"https:\/\/medialiteracyforum.media-azi.md\/\">Moldova Media Literacy Forum<\/a>.<\/p>\n\n\n\n<p><em>Moldova Media Literacy Forum este organizat de Centrul pentru Jurnalism Independent \u00een cadrul proiectului \u201ePresa \u00een sprijinul democra\u0163iei, incluziunii \u015fi responsabilit\u0103\u0163ii \u00een Moldova\u201d (MEDIA-M), implementat de Internews \u00een Moldova \u015fi finan\u0163at de USAID \u0219i UK. &nbsp;La fel, partener al CJI \u00een cadrul acestui eveniment este \u0219i Deutsche Welle Akademie.<\/em><\/p>\n","protected":false},"excerpt":{"rendered":"<p>Centrul pentru Jurnalism Independent organizeaz\u0103 pe&nbsp;17 septembrie&nbsp;primul forum de educa\u021bie media \u2013&nbsp;Moldova Media Literacy Forum. La eveniment sunt invita\u021bi profesorii de Educa\u021bie pentru media, pentru a discuta despre ultimele tendin\u021be \u0219i provoc\u0103ri \u00een domeniu. Dac\u0103 \u00een prima parte a zilei vor avea loc mai multe sesiuni comune cu participarea exper\u021bilor locali \u0219i str\u0103ini, atunci iar [&hellip;]<\/p>\n","protected":false},"author":2,"featured_media":1558,"comment_status":"open","ping_status":"open","sticky":false,"template":"","format":"standard","meta":[],"categories":[8],"tags":[],"_links":{"self":[{"href":"https:\/\/medialiteracyforum.media-azi.md\/index.php\/wp-json\/wp\/v2\/posts\/1557"}],"collection":[{"href":"https:\/\/medialiteracyforum.media-azi.md\/index.php\/wp-json\/wp\/v2\/posts"}],"about":[{"href":"https:\/\/medialiteracyforum.media-azi.md\/index.php\/wp-json\/wp\/v2\/types\/post"}],"author":[{"embeddable":true,"href":"https:\/\/medialiteracyforum.media-azi.md\/index.php\/wp-json\/wp\/v2\/users\/2"}],"replies":[{"embeddable":true,"href":"https:\/\/medialiteracyforum.media-azi.md\/index.php\/wp-json\/wp\/v2\/comments?post=1557"}],"version-history":[{"count":1,"href":"https:\/\/medialiteracyforum.media-azi.md\/index.php\/wp-json\/wp\/v2\/posts\/1557\/revisions"}],"predecessor-version":[{"id":1559,"href":"https:\/\/medialiteracyforum.media-azi.md\/index.php\/wp-json\/wp\/v2\/posts\/1557\/revisions\/1559"}],"wp:featuredmedia":[{"embeddable":true,"href":"https:\/\/medialiteracyforum.media-azi.md\/index.php\/wp-json\/wp\/v2\/media\/1558"}],"wp:attachment":[{"href":"https:\/\/medialiteracyforum.media-azi.md\/index.php\/wp-json\/wp\/v2\/media?parent=1557"}],"wp:term":[{"taxonomy":"category","embeddable":true,"href":"https:\/\/medialiteracyforum.media-azi.md\/index.php\/wp-json\/wp\/v2\/categories?post=1557"},{"taxonomy":"post_tag","embeddable":true,"href":"https:\/\/medialiteracyforum.media-azi.md\/index.php\/wp-json\/wp\/v2\/tags?post=1557"}],"curies":[{"name":"wp","href":"https:\/\/api.w.org\/{rel}","templated":true}]}}