{"id":1654,"date":"2021-09-21T15:52:45","date_gmt":"2021-09-21T15:52:45","guid":{"rendered":"https:\/\/medialiteracyforum.media-azi.md\/?p=1654"},"modified":"2021-09-21T15:52:47","modified_gmt":"2021-09-21T15:52:47","slug":"participantii-la-moldova-media-literacy-forum-au-adoptat-o-rezolutie-privind-importanta-continuarii-eforturilor-de-promovare-a-educatiei-pentru-media","status":"publish","type":"post","link":"https:\/\/medialiteracyforum.media-azi.md\/index.php\/2021\/09\/21\/participantii-la-moldova-media-literacy-forum-au-adoptat-o-rezolutie-privind-importanta-continuarii-eforturilor-de-promovare-a-educatiei-pentru-media\/","title":{"rendered":"Participan\u021bii la Moldova Media Literacy Forum au adoptat o rezolu\u021bie privind importan\u021ba continu\u0103rii eforturilor de promovare a Educa\u021biei pentru media"},"content":{"rendered":"\n<figure class=\"wp-block-gallery columns-1 is-cropped\"><ul class=\"blocks-gallery-grid\"><li class=\"blocks-gallery-item\"><figure><img loading=\"lazy\" width=\"1024\" height=\"683\" src=\"https:\/\/medialiteracyforum.media-azi.md\/wp-content\/uploads\/2021\/09\/IMG_0142-scaled-1-1024x683.jpg\" alt=\"\" data-id=\"1655\" data-full-url=\"https:\/\/medialiteracyforum.media-azi.md\/wp-content\/uploads\/2021\/09\/IMG_0142-scaled-1.jpg\" data-link=\"https:\/\/medialiteracyforum.media-azi.md\/?attachment_id=1655\" class=\"wp-image-1655\" srcset=\"https:\/\/medialiteracyforum.media-azi.md\/wp-content\/uploads\/2021\/09\/IMG_0142-scaled-1-1024x683.jpg 1024w, https:\/\/medialiteracyforum.media-azi.md\/wp-content\/uploads\/2021\/09\/IMG_0142-scaled-1-300x200.jpg 300w, https:\/\/medialiteracyforum.media-azi.md\/wp-content\/uploads\/2021\/09\/IMG_0142-scaled-1-768x512.jpg 768w, https:\/\/medialiteracyforum.media-azi.md\/wp-content\/uploads\/2021\/09\/IMG_0142-scaled-1-1536x1024.jpg 1536w, https:\/\/medialiteracyforum.media-azi.md\/wp-content\/uploads\/2021\/09\/IMG_0142-scaled-1-2048x1366.jpg 2048w\" sizes=\"(max-width: 1024px) 100vw, 1024px\" \/><\/figure><\/li><\/ul><\/figure>\n\n\n\n<p>Profesorii \u0219i profesoarele care au participat pe 17 septembrie 2021 la primul forum de educa\u021bie media din Republica Moldova \u2013 Moldova Media Literacy Forum \u2013 au adoptat o rezolu\u021bie care accentueaz\u0103 importan\u021ba continu\u0103rii eforturilor de promovare a Educa\u021biei pentru media \u00een r\u00e2ndul elevilor, tinerilor \u0219i p\u0103rin\u021bilor.<\/p>\n\n\n\n<p>Cadrele didactice au fost de acord cu faptul Educa\u021bia pentru media este o disciplin\u0103 extrem de important\u0103 \u00een era digitaliz\u0103rii, care ajut\u0103 t\u00e2n\u0103ra genera\u021bie s\u0103 se simt\u0103 sigur\u0103 \u00een spa\u021biul online, s\u0103 evite capcanele informa\u021bionale \u0219i s\u0103-\u0219i dezvolte capacitatea de analiz\u0103 \u0219i g\u00e2ndire critic\u0103.<\/p>\n\n\n\n<p>\u00cen context, participan\u021bii la forum solicit\u0103 Ministerului Educa\u021biei \u0219i Cercet\u0103rii s\u0103 asigure cooperarea autorit\u0103\u021bilor de stat de la diferite niveluri \u00een vederea garant\u0103rii calit\u0103\u021bii procesului educa\u021bional la disciplina Educa\u021bie pentru media, s\u0103 cerceteze oportunit\u0103\u021bile de integrare a educa\u021biei media \u00een curricula altor discipline \u0219colare, inclusiv prin abordarea inter- \u0219i transdisciplinar\u0103 a media \u0219i s\u0103 ini\u021bieze o platform\u0103 de dialog cu societatea civil\u0103, exper\u021bi, cadre didactice, precum \u0219i cu al\u021bi actori interesa\u021bi de elaborarea \u0219i implementarea politicilor educa\u021bionale de promovare a educa\u021biei media \u00een scopul cre\u0219terii gradului de utilizare ra\u021bional\u0103 a media de c\u0103tre copii, adolescen\u021bi, tineri \u0219i p\u0103rin\u021bi.<\/p>\n\n\n\n<p>Textul integral al rezolu\u021biei poate fi citit mai jos.<\/p>\n\n\n\n<div class=\"wp-block-file\"><object class=\"wp-block-file__embed\" data=\"https:\/\/medialiteracyforum.media-azi.md\/wp-content\/uploads\/2021\/09\/Moldova-Media-Literacy-Forum_REZOLUTIE.pdf\" type=\"application\/pdf\" style=\"width:100%;height:600px\" aria-label=\"\u00cenglobare pentru Moldova-Media-Literacy-Forum_REZOLUTIE.\"><\/object><a href=\"https:\/\/medialiteracyforum.media-azi.md\/wp-content\/uploads\/2021\/09\/Moldova-Media-Literacy-Forum_REZOLUTIE.pdf\">Moldova-Media-Literacy-Forum_REZOLUTIE<\/a><a href=\"https:\/\/medialiteracyforum.media-azi.md\/wp-content\/uploads\/2021\/09\/Moldova-Media-Literacy-Forum_REZOLUTIE.pdf\" class=\"wp-block-file__button\" download>Descarc\u0103<\/a><\/div>\n","protected":false},"excerpt":{"rendered":"<p>Profesorii \u0219i profesoarele care au participat pe 17 septembrie 2021 la primul forum de educa\u021bie media din Republica Moldova \u2013 Moldova Media Literacy Forum \u2013 au adoptat o rezolu\u021bie care accentueaz\u0103 importan\u021ba continu\u0103rii eforturilor de promovare a Educa\u021biei pentru media \u00een r\u00e2ndul elevilor, tinerilor \u0219i p\u0103rin\u021bilor. Cadrele didactice au fost de acord cu faptul Educa\u021bia [&hellip;]<\/p>\n","protected":false},"author":2,"featured_media":1655,"comment_status":"open","ping_status":"open","sticky":false,"template":"","format":"standard","meta":[],"categories":[8],"tags":[],"_links":{"self":[{"href":"https:\/\/medialiteracyforum.media-azi.md\/index.php\/wp-json\/wp\/v2\/posts\/1654"}],"collection":[{"href":"https:\/\/medialiteracyforum.media-azi.md\/index.php\/wp-json\/wp\/v2\/posts"}],"about":[{"href":"https:\/\/medialiteracyforum.media-azi.md\/index.php\/wp-json\/wp\/v2\/types\/post"}],"author":[{"embeddable":true,"href":"https:\/\/medialiteracyforum.media-azi.md\/index.php\/wp-json\/wp\/v2\/users\/2"}],"replies":[{"embeddable":true,"href":"https:\/\/medialiteracyforum.media-azi.md\/index.php\/wp-json\/wp\/v2\/comments?post=1654"}],"version-history":[{"count":1,"href":"https:\/\/medialiteracyforum.media-azi.md\/index.php\/wp-json\/wp\/v2\/posts\/1654\/revisions"}],"predecessor-version":[{"id":1657,"href":"https:\/\/medialiteracyforum.media-azi.md\/index.php\/wp-json\/wp\/v2\/posts\/1654\/revisions\/1657"}],"wp:featuredmedia":[{"embeddable":true,"href":"https:\/\/medialiteracyforum.media-azi.md\/index.php\/wp-json\/wp\/v2\/media\/1655"}],"wp:attachment":[{"href":"https:\/\/medialiteracyforum.media-azi.md\/index.php\/wp-json\/wp\/v2\/media?parent=1654"}],"wp:term":[{"taxonomy":"category","embeddable":true,"href":"https:\/\/medialiteracyforum.media-azi.md\/index.php\/wp-json\/wp\/v2\/categories?post=1654"},{"taxonomy":"post_tag","embeddable":true,"href":"https:\/\/medialiteracyforum.media-azi.md\/index.php\/wp-json\/wp\/v2\/tags?post=1654"}],"curies":[{"name":"wp","href":"https:\/\/api.w.org\/{rel}","templated":true}]}}