{"id":1811,"date":"2025-09-05T08:58:03","date_gmt":"2025-09-05T05:58:03","guid":{"rendered":"https:\/\/medialiteracyforum.media-azi.md\/?p=1811"},"modified":"2025-09-05T10:25:36","modified_gmt":"2025-09-05T07:25:36","slug":"victoria-dodon","status":"publish","type":"post","link":"https:\/\/medialiteracyforum.media-azi.md\/index.php\/2025\/09\/05\/victoria-dodon\/","title":{"rendered":"Victoria DODON"},"content":{"rendered":"\n<div class=\"wp-block-media-text is-stacked-on-mobile\"><figure class=\"wp-block-media-text__media\"><img loading=\"lazy\" width=\"769\" height=\"1024\" src=\"https:\/\/medialiteracyforum.media-azi.md\/wp-content\/uploads\/2025\/09\/507660943_10236432175641491_6671716189989247476_n-769x1024.jpg\" alt=\"\" class=\"wp-image-2206 size-full\" srcset=\"https:\/\/medialiteracyforum.media-azi.md\/wp-content\/uploads\/2025\/09\/507660943_10236432175641491_6671716189989247476_n-769x1024.jpg 769w, https:\/\/medialiteracyforum.media-azi.md\/wp-content\/uploads\/2025\/09\/507660943_10236432175641491_6671716189989247476_n-225x300.jpg 225w, https:\/\/medialiteracyforum.media-azi.md\/wp-content\/uploads\/2025\/09\/507660943_10236432175641491_6671716189989247476_n-768x1022.jpg 768w, https:\/\/medialiteracyforum.media-azi.md\/wp-content\/uploads\/2025\/09\/507660943_10236432175641491_6671716189989247476_n-1154x1536.jpg 1154w, https:\/\/medialiteracyforum.media-azi.md\/wp-content\/uploads\/2025\/09\/507660943_10236432175641491_6671716189989247476_n.jpg 1232w\" sizes=\"(max-width: 769px) 100vw, 769px\" \/><\/figure><div class=\"wp-block-media-text__content\">\n<h1><strong>Victoria DODON<\/strong><\/h1>\n\n\n\n<p>este redactor\u0103-\u0219ef\u0103 la Centrul pentru Jurnalism Independent \u0219i masterand\u0103 \u00een Studii de securitate la Universitatea Babe\u0219-Bolyai. Pe l\u00e2ng\u0103 sarcinile editoriale, contribuie la analiza \u0219i monitorizarea spa\u021biului informa\u021bional autohton, av\u00e2nd \u00een vizor abaterile deontologice \u0219i manipularea \u00een mass-media, c\u00e2t \u0219i dezinformarea pe re\u021belele sociale. Ea promoveaz\u0103 alfabetizarea informa\u021bional\u0103 \u0219i dezvoltarea g\u00e2ndiri critice \u00een r\u00e2ndul publicului prin diverse ini\u021biative dezvoltate \u0219i implementate de Centrul de Jurnalism Independent \u0219i coordoneaz\u0103 produc\u021bia Podcastului CuMINTE, dedicat educa\u021biei media din Moldova.<\/p>\n<\/div><\/div>\n","protected":false},"excerpt":{"rendered":"<p>Victoria DODON este redactor\u0103-\u0219ef\u0103 la Centrul pentru Jurnalism Independent \u0219i masterand\u0103 \u00een Studii de securitate la Universitatea Babe\u0219-Bolyai. Pe l\u00e2ng\u0103 sarcinile editoriale, contribuie la analiza \u0219i monitorizarea spa\u021biului informa\u021bional autohton, av\u00e2nd \u00een vizor abaterile deontologice \u0219i manipularea \u00een mass-media, c\u00e2t \u0219i dezinformarea pe re\u021belele sociale. Ea promoveaz\u0103 alfabetizarea informa\u021bional\u0103 \u0219i dezvoltarea g\u00e2ndiri critice \u00een r\u00e2ndul [&hellip;]<\/p>\n","protected":false},"author":2,"featured_media":2209,"comment_status":"open","ping_status":"open","sticky":false,"template":"","format":"standard","meta":[],"categories":[18],"tags":[],"_links":{"self":[{"href":"https:\/\/medialiteracyforum.media-azi.md\/index.php\/wp-json\/wp\/v2\/posts\/1811"}],"collection":[{"href":"https:\/\/medialiteracyforum.media-azi.md\/index.php\/wp-json\/wp\/v2\/posts"}],"about":[{"href":"https:\/\/medialiteracyforum.media-azi.md\/index.php\/wp-json\/wp\/v2\/types\/post"}],"author":[{"embeddable":true,"href":"https:\/\/medialiteracyforum.media-azi.md\/index.php\/wp-json\/wp\/v2\/users\/2"}],"replies":[{"embeddable":true,"href":"https:\/\/medialiteracyforum.media-azi.md\/index.php\/wp-json\/wp\/v2\/comments?post=1811"}],"version-history":[{"count":4,"href":"https:\/\/medialiteracyforum.media-azi.md\/index.php\/wp-json\/wp\/v2\/posts\/1811\/revisions"}],"predecessor-version":[{"id":2211,"href":"https:\/\/medialiteracyforum.media-azi.md\/index.php\/wp-json\/wp\/v2\/posts\/1811\/revisions\/2211"}],"wp:featuredmedia":[{"embeddable":true,"href":"https:\/\/medialiteracyforum.media-azi.md\/index.php\/wp-json\/wp\/v2\/media\/2209"}],"wp:attachment":[{"href":"https:\/\/medialiteracyforum.media-azi.md\/index.php\/wp-json\/wp\/v2\/media?parent=1811"}],"wp:term":[{"taxonomy":"category","embeddable":true,"href":"https:\/\/medialiteracyforum.media-azi.md\/index.php\/wp-json\/wp\/v2\/categories?post=1811"},{"taxonomy":"post_tag","embeddable":true,"href":"https:\/\/medialiteracyforum.media-azi.md\/index.php\/wp-json\/wp\/v2\/tags?post=1811"}],"curies":[{"name":"wp","href":"https:\/\/api.w.org\/{rel}","templated":true}]}}