{"id":1957,"date":"2023-10-26T13:20:02","date_gmt":"2023-10-26T10:20:02","guid":{"rendered":"https:\/\/medialiteracyforum.media-azi.md\/?p=1957"},"modified":"2023-11-27T13:45:02","modified_gmt":"2023-11-27T11:45:02","slug":"participantii-la-cea-de-a-doua-editie-a-moldova-media-literacy-forum-au-adoptat-o-rezolutie-privind-importanta-consolidarii-eforturilor-de-promovare-a-educatiei-pentru-media","status":"publish","type":"post","link":"https:\/\/medialiteracyforum.media-azi.md\/index.php\/2023\/10\/26\/participantii-la-cea-de-a-doua-editie-a-moldova-media-literacy-forum-au-adoptat-o-rezolutie-privind-importanta-consolidarii-eforturilor-de-promovare-a-educatiei-pentru-media\/","title":{"rendered":"Participan\u021bii la cea de-a doua edi\u021bie a Moldova Media Literacy Forum au adoptat o rezolu\u021bie privind importan\u021ba consolid\u0103rii eforturilor de promovare a Educa\u021biei pentru media"},"content":{"rendered":"\n<p>Profesorii \u0219i profesoarele care au participat pe 26 octombrie 2023 la cea de-a doua edi\u021bie a Forumului de Educa\u021bie Media \u2013 Moldova Media Literacy Forum au adoptat o rezolu\u021bie care reconfirm\u0103 importan\u021ba consolid\u0103rii eforturilor de promovare a Educa\u021biei pentru media \u00een vederea dezvolt\u0103rii g\u00e2ndirii critice \u00een r\u00e2ndul elevilor, tinerilor \u0219i p\u0103rin\u021bilor.<\/p>\n\n\n\n<p>Participan\u021bii au accentuat faptul c\u0103 \u00een secolul XXI, Educa\u021bia pentru media reprezint\u0103 o disciplin\u0103 valoroas\u0103, care le ofer\u0103 tinerilor posibilitatea de a \u00eenv\u0103\u021ba cum s\u0103-\u0219i dezvolte abilit\u0103\u021bile de analiz\u0103 \u0219i g\u00e2ndire critic\u0103 sau cum s\u0103 se simt\u0103 \u00een siguran\u021b\u0103 \u00een mediul online.<\/p>\n\n\n\n<p>\u00cen context, participan\u021bii la forum solicit\u0103 Ministerului Educa\u021biei \u0219i Cercet\u0103rii s\u0103 continue sus\u021binerea oportunit\u0103\u021bilor de integrare a educa\u021biei media \u00een curricula altor discipline \u0219colare, inclusiv prin abordarea inter- \u0219i transdisciplinar\u0103 a media. De asemenea, MEC, Ministerul Culturii, Consiliul Audiovizualului, precum \u0219i alte autorit\u0103\u021bi publice relevante sunt \u00eendemnate s\u0103 continue dialogul cu societatea civil\u0103, exper\u021bi, cadre didactice, precum \u0219i cu al\u021bi actori interesa\u021bi \u00een vederea elabor\u0103rii politicilor publice de sus\u021binere a programelor \u0219i activit\u0103\u021bilor de alfabetizare informa\u021bional\u0103 \u0219i media \u00een scopul dezvolt\u0103rii \u0219i consolid\u0103rii abilit\u0103\u021bilor de g\u00e2ndire critic\u0103 \u0219i utilizare ra\u021bional\u0103 a media de c\u0103tre cet\u0103\u021beni.<\/p>\n\n\n\n<p>Textul integral al rezolu\u021biei poate fi citit mai jos.<\/p>\n\n\n\n<div class=\"wp-block-file\"><object class=\"wp-block-file__embed\" data=\"https:\/\/medialiteracyforum.media-azi.md\/wp-content\/uploads\/2023\/11\/CJI-Forum-REZOLUTIE_26.10.2023.pdf\" type=\"application\/pdf\" style=\"width:100%;height:600px\" aria-label=\"\u00cenglobare pentru CJI-Forum-REZOLUTIE_26.10.2023.\"><\/object><a href=\"https:\/\/medialiteracyforum.media-azi.md\/wp-content\/uploads\/2023\/11\/CJI-Forum-REZOLUTIE_26.10.2023.pdf\">CJI-Forum-REZOLUTIE_26.10.2023<\/a><a href=\"https:\/\/medialiteracyforum.media-azi.md\/wp-content\/uploads\/2023\/11\/CJI-Forum-REZOLUTIE_26.10.2023.pdf\" class=\"wp-block-file__button\" download>Descarc\u0103<\/a><\/div>\n","protected":false},"excerpt":{"rendered":"<p>Profesorii \u0219i profesoarele care au participat pe 26 octombrie 2023 la cea de-a doua edi\u021bie a Forumului de Educa\u021bie Media \u2013 Moldova Media Literacy Forum au adoptat o rezolu\u021bie care reconfirm\u0103 importan\u021ba consolid\u0103rii eforturilor de promovare a Educa\u021biei pentru media \u00een vederea dezvolt\u0103rii g\u00e2ndirii critice \u00een r\u00e2ndul elevilor, tinerilor \u0219i p\u0103rin\u021bilor. Participan\u021bii au accentuat faptul [&hellip;]<\/p>\n","protected":false},"author":2,"featured_media":1958,"comment_status":"closed","ping_status":"closed","sticky":false,"template":"","format":"standard","meta":[],"categories":[16],"tags":[],"_links":{"self":[{"href":"https:\/\/medialiteracyforum.media-azi.md\/index.php\/wp-json\/wp\/v2\/posts\/1957"}],"collection":[{"href":"https:\/\/medialiteracyforum.media-azi.md\/index.php\/wp-json\/wp\/v2\/posts"}],"about":[{"href":"https:\/\/medialiteracyforum.media-azi.md\/index.php\/wp-json\/wp\/v2\/types\/post"}],"author":[{"embeddable":true,"href":"https:\/\/medialiteracyforum.media-azi.md\/index.php\/wp-json\/wp\/v2\/users\/2"}],"replies":[{"embeddable":true,"href":"https:\/\/medialiteracyforum.media-azi.md\/index.php\/wp-json\/wp\/v2\/comments?post=1957"}],"version-history":[{"count":1,"href":"https:\/\/medialiteracyforum.media-azi.md\/index.php\/wp-json\/wp\/v2\/posts\/1957\/revisions"}],"predecessor-version":[{"id":1960,"href":"https:\/\/medialiteracyforum.media-azi.md\/index.php\/wp-json\/wp\/v2\/posts\/1957\/revisions\/1960"}],"wp:featuredmedia":[{"embeddable":true,"href":"https:\/\/medialiteracyforum.media-azi.md\/index.php\/wp-json\/wp\/v2\/media\/1958"}],"wp:attachment":[{"href":"https:\/\/medialiteracyforum.media-azi.md\/index.php\/wp-json\/wp\/v2\/media?parent=1957"}],"wp:term":[{"taxonomy":"category","embeddable":true,"href":"https:\/\/medialiteracyforum.media-azi.md\/index.php\/wp-json\/wp\/v2\/categories?post=1957"},{"taxonomy":"post_tag","embeddable":true,"href":"https:\/\/medialiteracyforum.media-azi.md\/index.php\/wp-json\/wp\/v2\/tags?post=1957"}],"curies":[{"name":"wp","href":"https:\/\/api.w.org\/{rel}","templated":true}]}}