{"id":2233,"date":"2025-09-05T10:21:00","date_gmt":"2025-09-05T07:21:00","guid":{"rendered":"https:\/\/medialiteracyforum.media-azi.md\/?p=2233"},"modified":"2025-09-05T10:21:00","modified_gmt":"2025-09-05T07:21:00","slug":"liuba-sevciuc","status":"publish","type":"post","link":"https:\/\/medialiteracyforum.media-azi.md\/index.php\/2025\/09\/05\/liuba-sevciuc\/","title":{"rendered":"Liuba \u0218EVCIUC"},"content":{"rendered":"\n<div class=\"wp-block-media-text is-stacked-on-mobile\"><figure class=\"wp-block-media-text__media\"><img loading=\"lazy\" width=\"670\" height=\"1005\" src=\"https:\/\/medialiteracyforum.media-azi.md\/wp-content\/uploads\/2025\/09\/sevciuc-jpeg-1.jpg\" alt=\"\" class=\"wp-image-2226 size-full\" srcset=\"https:\/\/medialiteracyforum.media-azi.md\/wp-content\/uploads\/2025\/09\/sevciuc-jpeg-1.jpg 670w, https:\/\/medialiteracyforum.media-azi.md\/wp-content\/uploads\/2025\/09\/sevciuc-jpeg-1-200x300.jpg 200w\" sizes=\"(max-width: 670px) 100vw, 670px\" \/><\/figure><div class=\"wp-block-media-text__content\">\n<h1><strong><strong><strong>Liuba \u0218EVCIUC<\/strong><\/strong><\/strong><\/h1>\n\n\n\n<p>este jurnalist\u0103 cu o experien\u021b\u0103 de peste 15 ani \u0219i fondatoarea proiectului media CU SENS, lansat \u00een 2019 pentru a r\u0103spunde noilor tendin\u021be de consum media. Pe l\u00e2ng\u0103 investiga\u021biile jurnalistice de impact, coordoneaz\u0103 rubrica #Verificat, dedicat\u0103 demont\u0103rii nara\u021biunilor \u0219i informa\u021biilor false din spa\u021biul public, \u00een special a celor promovate de politicieni. Anterior, a fost parte a echipei de investiga\u021bie RISE Moldova \u0219i a colaborat la emisiunea video \u201ePur \u0219i simplu\u201d de la Radio Europa Liber\u0103 Moldova. Timp de \u0219ase ani, a activat la Publika TV, unde a coordonat emisiunea de anchete \u0219i reportaje \u201eMoldova, \u021bar\u0103 de minune\u201d.<\/p>\n<\/div><\/div>\n","protected":false},"excerpt":{"rendered":"<p>Liuba \u0218EVCIUC este jurnalist\u0103 cu o experien\u021b\u0103 de peste 15 ani \u0219i fondatoarea proiectului media CU SENS, lansat \u00een 2019 pentru a r\u0103spunde noilor tendin\u021be de consum media. Pe l\u00e2ng\u0103 investiga\u021biile jurnalistice de impact, coordoneaz\u0103 rubrica #Verificat, dedicat\u0103 demont\u0103rii nara\u021biunilor \u0219i informa\u021biilor false din spa\u021biul public, \u00een special a celor promovate de politicieni. Anterior, a [&hellip;]<\/p>\n","protected":false},"author":2,"featured_media":2230,"comment_status":"closed","ping_status":"closed","sticky":false,"template":"","format":"standard","meta":[],"categories":[18],"tags":[],"_links":{"self":[{"href":"https:\/\/medialiteracyforum.media-azi.md\/index.php\/wp-json\/wp\/v2\/posts\/2233"}],"collection":[{"href":"https:\/\/medialiteracyforum.media-azi.md\/index.php\/wp-json\/wp\/v2\/posts"}],"about":[{"href":"https:\/\/medialiteracyforum.media-azi.md\/index.php\/wp-json\/wp\/v2\/types\/post"}],"author":[{"embeddable":true,"href":"https:\/\/medialiteracyforum.media-azi.md\/index.php\/wp-json\/wp\/v2\/users\/2"}],"replies":[{"embeddable":true,"href":"https:\/\/medialiteracyforum.media-azi.md\/index.php\/wp-json\/wp\/v2\/comments?post=2233"}],"version-history":[{"count":1,"href":"https:\/\/medialiteracyforum.media-azi.md\/index.php\/wp-json\/wp\/v2\/posts\/2233\/revisions"}],"predecessor-version":[{"id":2234,"href":"https:\/\/medialiteracyforum.media-azi.md\/index.php\/wp-json\/wp\/v2\/posts\/2233\/revisions\/2234"}],"wp:featuredmedia":[{"embeddable":true,"href":"https:\/\/medialiteracyforum.media-azi.md\/index.php\/wp-json\/wp\/v2\/media\/2230"}],"wp:attachment":[{"href":"https:\/\/medialiteracyforum.media-azi.md\/index.php\/wp-json\/wp\/v2\/media?parent=2233"}],"wp:term":[{"taxonomy":"category","embeddable":true,"href":"https:\/\/medialiteracyforum.media-azi.md\/index.php\/wp-json\/wp\/v2\/categories?post=2233"},{"taxonomy":"post_tag","embeddable":true,"href":"https:\/\/medialiteracyforum.media-azi.md\/index.php\/wp-json\/wp\/v2\/tags?post=2233"}],"curies":[{"name":"wp","href":"https:\/\/api.w.org\/{rel}","templated":true}]}}