{"id":2253,"date":"2025-09-05T12:13:40","date_gmt":"2025-09-05T09:13:40","guid":{"rendered":"https:\/\/medialiteracyforum.media-azi.md\/?p=2253"},"modified":"2025-09-05T12:17:50","modified_gmt":"2025-09-05T09:17:50","slug":"alla-bargan","status":"publish","type":"post","link":"https:\/\/medialiteracyforum.media-azi.md\/index.php\/2025\/09\/05\/alla-bargan\/","title":{"rendered":"Alla BARGAN"},"content":{"rendered":"\n<div class=\"wp-block-media-text is-stacked-on-mobile\"><figure class=\"wp-block-media-text__media\"><img loading=\"lazy\" width=\"986\" height=\"1024\" src=\"https:\/\/medialiteracyforum.media-azi.md\/wp-content\/uploads\/2025\/09\/MG_5787-986x1024.jpg\" alt=\"\" class=\"wp-image-2223 size-full\" srcset=\"https:\/\/medialiteracyforum.media-azi.md\/wp-content\/uploads\/2025\/09\/MG_5787-986x1024.jpg 986w, https:\/\/medialiteracyforum.media-azi.md\/wp-content\/uploads\/2025\/09\/MG_5787-289x300.jpg 289w, https:\/\/medialiteracyforum.media-azi.md\/wp-content\/uploads\/2025\/09\/MG_5787-768x797.jpg 768w, https:\/\/medialiteracyforum.media-azi.md\/wp-content\/uploads\/2025\/09\/MG_5787-1479x1536.jpg 1479w, https:\/\/medialiteracyforum.media-azi.md\/wp-content\/uploads\/2025\/09\/MG_5787-1973x2048.jpg 1973w\" sizes=\"(max-width: 986px) 100vw, 986px\" \/><\/figure><div class=\"wp-block-media-text__content\">\n<h1><strong><strong><strong>Alla BARGAN<\/strong><\/strong><\/strong><\/h1>\n\n\n\n<p>este interpret\u0103 \u00een limbajul semnelor, psihopedagog\u0103 special\u0103, directoarea Casei Republicane de Cultur\u0103 a Surzilor din Moldova \u0219i manager\u0103 la Asocia\u021bia Surzilor din Republica Moldova. Este expert\u0103 \u00een promovarea drepturilor \u0219i libert\u0103\u021bilor persoanelor cu deficien\u021be de auz. A interpretat \u00een limbajul semnelor lec\u021biile video Educa\u021bie pentru media, realizate de Centrul pentru Jurnalism Independent, astfel \u00eenc\u00e2t acestea au devenit accesibile elevilor \u0219i persoanelor cu deficien\u021be de auz.\u00a0\u00a0<\/p>\n<\/div><\/div>\n\n\n\n<p><\/p>\n","protected":false},"excerpt":{"rendered":"<p>Alla BARGAN este interpret\u0103 \u00een limbajul semnelor, psihopedagog\u0103 special\u0103, directoarea Casei Republicane de Cultur\u0103 a Surzilor din Moldova \u0219i manager\u0103 la Asocia\u021bia Surzilor din Republica Moldova. Este expert\u0103 \u00een promovarea drepturilor \u0219i libert\u0103\u021bilor persoanelor cu deficien\u021be de auz. A interpretat \u00een limbajul semnelor lec\u021biile video Educa\u021bie pentru media, realizate de Centrul pentru Jurnalism Independent, astfel [&hellip;]<\/p>\n","protected":false},"author":2,"featured_media":2225,"comment_status":"closed","ping_status":"closed","sticky":false,"template":"","format":"standard","meta":[],"categories":[18],"tags":[],"_links":{"self":[{"href":"https:\/\/medialiteracyforum.media-azi.md\/index.php\/wp-json\/wp\/v2\/posts\/2253"}],"collection":[{"href":"https:\/\/medialiteracyforum.media-azi.md\/index.php\/wp-json\/wp\/v2\/posts"}],"about":[{"href":"https:\/\/medialiteracyforum.media-azi.md\/index.php\/wp-json\/wp\/v2\/types\/post"}],"author":[{"embeddable":true,"href":"https:\/\/medialiteracyforum.media-azi.md\/index.php\/wp-json\/wp\/v2\/users\/2"}],"replies":[{"embeddable":true,"href":"https:\/\/medialiteracyforum.media-azi.md\/index.php\/wp-json\/wp\/v2\/comments?post=2253"}],"version-history":[{"count":4,"href":"https:\/\/medialiteracyforum.media-azi.md\/index.php\/wp-json\/wp\/v2\/posts\/2253\/revisions"}],"predecessor-version":[{"id":2259,"href":"https:\/\/medialiteracyforum.media-azi.md\/index.php\/wp-json\/wp\/v2\/posts\/2253\/revisions\/2259"}],"wp:featuredmedia":[{"embeddable":true,"href":"https:\/\/medialiteracyforum.media-azi.md\/index.php\/wp-json\/wp\/v2\/media\/2225"}],"wp:attachment":[{"href":"https:\/\/medialiteracyforum.media-azi.md\/index.php\/wp-json\/wp\/v2\/media?parent=2253"}],"wp:term":[{"taxonomy":"category","embeddable":true,"href":"https:\/\/medialiteracyforum.media-azi.md\/index.php\/wp-json\/wp\/v2\/categories?post=2253"},{"taxonomy":"post_tag","embeddable":true,"href":"https:\/\/medialiteracyforum.media-azi.md\/index.php\/wp-json\/wp\/v2\/tags?post=2253"}],"curies":[{"name":"wp","href":"https:\/\/api.w.org\/{rel}","templated":true}]}}