{"id":2256,"date":"2025-09-05T12:15:41","date_gmt":"2025-09-05T09:15:41","guid":{"rendered":"https:\/\/medialiteracyforum.media-azi.md\/?p=2256"},"modified":"2025-09-05T12:19:57","modified_gmt":"2025-09-05T09:19:57","slug":"natalia-griu-3","status":"publish","type":"post","link":"https:\/\/medialiteracyforum.media-azi.md\/index.php\/2025\/09\/05\/natalia-griu-3\/","title":{"rendered":"Natalia GR\u00ceU"},"content":{"rendered":"\n<div class=\"wp-block-media-text is-stacked-on-mobile\"><figure class=\"wp-block-media-text__media\"><img loading=\"lazy\" width=\"600\" height=\"900\" src=\"https:\/\/medialiteracyforum.media-azi.md\/wp-content\/uploads\/2025\/09\/Natalia-Griu.jpg\" alt=\"\" class=\"wp-image-2215 size-full\" srcset=\"https:\/\/medialiteracyforum.media-azi.md\/wp-content\/uploads\/2025\/09\/Natalia-Griu.jpg 600w, https:\/\/medialiteracyforum.media-azi.md\/wp-content\/uploads\/2025\/09\/Natalia-Griu-200x300.jpg 200w\" sizes=\"(max-width: 600px) 100vw, 600px\" \/><\/figure><div class=\"wp-block-media-text__content\">\n<h1><strong><strong><strong>Natalia GR\u00ceU<\/strong><\/strong><\/strong><\/h1>\n\n\n\n<p>este profesoar\u0103 de limba \u0219i literatura rom\u00e2n\u0103, grad didactic superior, este autoare de curricula, manuale \u0219colare, ghiduri \u0219i suporturi didactice\u00a0 pentru \u00eenv\u0103\u0163\u0103m\u00e2ntul general \u0219i\u00a0profesional tehnic. Este expert\u0103 \u0219i formatoare \u00een programe educa\u0163ionale privind predarea limbilor, integrarea minorit\u0103\u021bilor,\u00a0 predarea\u00a0 mass-media \u00een \u0219coli \u0219i biblioteci, precum\u00a0 \u0219i a disciplinelor STEM. Este co-autoarea curriculumului \u015fi manualelor tip\u0103rite \u0219i digitale Educa\u0163ie pentru media, treapta primar\u0103, gimnazial\u0103 \u015fi liceal\u0103, elaborate de Centrul pentru Jurnalism Independent.\u00a0ularea.\u00a0<\/p>\n<\/div><\/div>\n\n\n\n<p><\/p>\n","protected":false},"excerpt":{"rendered":"<p>Natalia GR\u00ceU este profesoar\u0103 de limba \u0219i literatura rom\u00e2n\u0103, grad didactic superior, este autoare de curricula, manuale \u0219colare, ghiduri \u0219i suporturi didactice\u00a0 pentru \u00eenv\u0103\u0163\u0103m\u00e2ntul general \u0219i\u00a0profesional tehnic. Este expert\u0103 \u0219i formatoare \u00een programe educa\u0163ionale privind predarea limbilor, integrarea minorit\u0103\u021bilor,\u00a0 predarea\u00a0 mass-media \u00een \u0219coli \u0219i biblioteci, precum\u00a0 \u0219i a disciplinelor STEM. Este co-autoarea curriculumului \u015fi manualelor [&hellip;]<\/p>\n","protected":false},"author":2,"featured_media":2215,"comment_status":"closed","ping_status":"closed","sticky":false,"template":"","format":"standard","meta":[],"categories":[18],"tags":[],"_links":{"self":[{"href":"https:\/\/medialiteracyforum.media-azi.md\/index.php\/wp-json\/wp\/v2\/posts\/2256"}],"collection":[{"href":"https:\/\/medialiteracyforum.media-azi.md\/index.php\/wp-json\/wp\/v2\/posts"}],"about":[{"href":"https:\/\/medialiteracyforum.media-azi.md\/index.php\/wp-json\/wp\/v2\/types\/post"}],"author":[{"embeddable":true,"href":"https:\/\/medialiteracyforum.media-azi.md\/index.php\/wp-json\/wp\/v2\/users\/2"}],"replies":[{"embeddable":true,"href":"https:\/\/medialiteracyforum.media-azi.md\/index.php\/wp-json\/wp\/v2\/comments?post=2256"}],"version-history":[{"count":1,"href":"https:\/\/medialiteracyforum.media-azi.md\/index.php\/wp-json\/wp\/v2\/posts\/2256\/revisions"}],"predecessor-version":[{"id":2260,"href":"https:\/\/medialiteracyforum.media-azi.md\/index.php\/wp-json\/wp\/v2\/posts\/2256\/revisions\/2260"}],"wp:featuredmedia":[{"embeddable":true,"href":"https:\/\/medialiteracyforum.media-azi.md\/index.php\/wp-json\/wp\/v2\/media\/2215"}],"wp:attachment":[{"href":"https:\/\/medialiteracyforum.media-azi.md\/index.php\/wp-json\/wp\/v2\/media?parent=2256"}],"wp:term":[{"taxonomy":"category","embeddable":true,"href":"https:\/\/medialiteracyforum.media-azi.md\/index.php\/wp-json\/wp\/v2\/categories?post=2256"},{"taxonomy":"post_tag","embeddable":true,"href":"https:\/\/medialiteracyforum.media-azi.md\/index.php\/wp-json\/wp\/v2\/tags?post=2256"}],"curies":[{"name":"wp","href":"https:\/\/api.w.org\/{rel}","templated":true}]}}