{"id":2261,"date":"2025-09-05T12:21:17","date_gmt":"2025-09-05T09:21:17","guid":{"rendered":"https:\/\/medialiteracyforum.media-azi.md\/?p=2261"},"modified":"2025-09-09T15:35:35","modified_gmt":"2025-09-09T12:35:35","slug":"angela-vacaru-2","status":"publish","type":"post","link":"https:\/\/medialiteracyforum.media-azi.md\/index.php\/2025\/09\/05\/angela-vacaru-2\/","title":{"rendered":"Angela VACARU"},"content":{"rendered":"\n<div class=\"wp-block-media-text is-stacked-on-mobile\"><figure class=\"wp-block-media-text__media\"><img loading=\"lazy\" width=\"713\" height=\"854\" src=\"https:\/\/medialiteracyforum.media-azi.md\/wp-content\/uploads\/2023\/09\/Angela-Vacaru.jpg\" alt=\"\" class=\"wp-image-1717 size-full\" srcset=\"https:\/\/medialiteracyforum.media-azi.md\/wp-content\/uploads\/2023\/09\/Angela-Vacaru.jpg 713w, https:\/\/medialiteracyforum.media-azi.md\/wp-content\/uploads\/2023\/09\/Angela-Vacaru-250x300.jpg 250w, https:\/\/medialiteracyforum.media-azi.md\/wp-content\/uploads\/2023\/09\/Angela-Vacaru-350x420.jpg 350w\" sizes=\"(max-width: 713px) 100vw, 713px\" \/><\/figure><div class=\"wp-block-media-text__content\">\n<h1><strong><strong><strong>Angela VACARU<\/strong><\/strong><\/strong><\/h1>\n\n\n\n<p>este absolvent\u0103 a facult\u0103\u021bii de sociologie a Universit\u0103\u021bii Al. I. Cuza din Rom\u00e2nia \u0219i a unui master \u00een Administrarea afacerilor la Newport University. Din 2005 \u0219i-a \u00eenceput cariera \u00een calitate de consultant\u0103 \u0219i instructoare \u00een management organiza\u021bional \u0219i a oferit instruiri, consultan\u021b\u0103 \u0219i evalu\u0103ri de programe pentru o gam\u0103 larg\u0103 de organiza\u021bii ale societ\u0103\u021bii civile din Republica Moldova. \u00cen ultimii 8 ani, \u00een calitate de Manager\u0103 Regional\u0103 \u00een Monitorizare, Evaluare \u0219i Impact, a oferit suport proiectelor din Europa \u0219i Eurasia implementate de Internews Network. Din 2021 colaboreaz\u0103 cu Centrul pentru Jurnalism Independent \u00een proiecte ce \u021bin de domeniul alfabetiz\u0103rii informa\u021bionale \u0219i media. Este autoarea studiului \u201eAbordarea exhaustiv\u0103 \u0219i avansarea alfabetiz\u0103rii media \u00een Moldova\u201d \u0219i a Planului interministerial de integrare a ac\u021biunilor de Alfabetizare Informa\u021bional\u0103 \u0219i Media (AIM), documente elaborate de Centrul pentru Jurnalism Independent.<\/p>\n<\/div><\/div>\n\n\n\n<p><\/p>\n","protected":false},"excerpt":{"rendered":"<p>Angela VACARU este absolvent\u0103 a facult\u0103\u021bii de sociologie a Universit\u0103\u021bii Al. I. Cuza din Rom\u00e2nia \u0219i a unui master \u00een Administrarea afacerilor la Newport University. Din 2005 \u0219i-a \u00eenceput cariera \u00een calitate de consultant\u0103 \u0219i instructoare \u00een management organiza\u021bional \u0219i a oferit instruiri, consultan\u021b\u0103 \u0219i evalu\u0103ri de programe pentru o gam\u0103 larg\u0103 de organiza\u021bii ale [&hellip;]<\/p>\n","protected":false},"author":2,"featured_media":1717,"comment_status":"closed","ping_status":"closed","sticky":false,"template":"","format":"standard","meta":[],"categories":[18],"tags":[],"_links":{"self":[{"href":"https:\/\/medialiteracyforum.media-azi.md\/index.php\/wp-json\/wp\/v2\/posts\/2261"}],"collection":[{"href":"https:\/\/medialiteracyforum.media-azi.md\/index.php\/wp-json\/wp\/v2\/posts"}],"about":[{"href":"https:\/\/medialiteracyforum.media-azi.md\/index.php\/wp-json\/wp\/v2\/types\/post"}],"author":[{"embeddable":true,"href":"https:\/\/medialiteracyforum.media-azi.md\/index.php\/wp-json\/wp\/v2\/users\/2"}],"replies":[{"embeddable":true,"href":"https:\/\/medialiteracyforum.media-azi.md\/index.php\/wp-json\/wp\/v2\/comments?post=2261"}],"version-history":[{"count":4,"href":"https:\/\/medialiteracyforum.media-azi.md\/index.php\/wp-json\/wp\/v2\/posts\/2261\/revisions"}],"predecessor-version":[{"id":2302,"href":"https:\/\/medialiteracyforum.media-azi.md\/index.php\/wp-json\/wp\/v2\/posts\/2261\/revisions\/2302"}],"wp:featuredmedia":[{"embeddable":true,"href":"https:\/\/medialiteracyforum.media-azi.md\/index.php\/wp-json\/wp\/v2\/media\/1717"}],"wp:attachment":[{"href":"https:\/\/medialiteracyforum.media-azi.md\/index.php\/wp-json\/wp\/v2\/media?parent=2261"}],"wp:term":[{"taxonomy":"category","embeddable":true,"href":"https:\/\/medialiteracyforum.media-azi.md\/index.php\/wp-json\/wp\/v2\/categories?post=2261"},{"taxonomy":"post_tag","embeddable":true,"href":"https:\/\/medialiteracyforum.media-azi.md\/index.php\/wp-json\/wp\/v2\/tags?post=2261"}],"curies":[{"name":"wp","href":"https:\/\/api.w.org\/{rel}","templated":true}]}}