{"id":2278,"date":"2023-09-05T14:41:54","date_gmt":"2023-09-05T11:41:54","guid":{"rendered":"https:\/\/medialiteracyforum.media-azi.md\/?p=2278"},"modified":"2025-09-05T14:44:58","modified_gmt":"2025-09-05T11:44:58","slug":"nicoleta-fotiade","status":"publish","type":"post","link":"https:\/\/medialiteracyforum.media-azi.md\/index.php\/2023\/09\/05\/nicoleta-fotiade\/","title":{"rendered":"Nicoleta FOTIADE"},"content":{"rendered":"\n<div class=\"wp-block-media-text is-stacked-on-mobile\"><figure class=\"wp-block-media-text__media\"><img loading=\"lazy\" width=\"808\" height=\"806\" src=\"https:\/\/medialiteracyforum.media-azi.md\/wp-content\/uploads\/2023\/09\/Nicoleta-Fotiade.jpeg\" alt=\"\" class=\"wp-image-1812 size-full\" srcset=\"https:\/\/medialiteracyforum.media-azi.md\/wp-content\/uploads\/2023\/09\/Nicoleta-Fotiade.jpeg 808w, https:\/\/medialiteracyforum.media-azi.md\/wp-content\/uploads\/2023\/09\/Nicoleta-Fotiade-300x300.jpeg 300w, https:\/\/medialiteracyforum.media-azi.md\/wp-content\/uploads\/2023\/09\/Nicoleta-Fotiade-150x150.jpeg 150w, https:\/\/medialiteracyforum.media-azi.md\/wp-content\/uploads\/2023\/09\/Nicoleta-Fotiade-768x766.jpeg 768w, https:\/\/medialiteracyforum.media-azi.md\/wp-content\/uploads\/2023\/09\/Nicoleta-Fotiade-400x400.jpeg 400w, https:\/\/medialiteracyforum.media-azi.md\/wp-content\/uploads\/2023\/09\/Nicoleta-Fotiade-100x100.jpeg 100w\" sizes=\"(max-width: 808px) 100vw, 808px\" \/><\/figure><div class=\"wp-block-media-text__content\">\n<h1><strong><strong><strong>Nicoleta FOTIADE<\/strong><\/strong><\/strong><\/h1>\n\n\n\n<p>este expert\u0103-formatoare \u00een domeniul educa\u0163iei media \u0219i digitale, (co)autoare a mai multor studii de cercetare media \u0219i resurse educa\u021bionale de educa\u021bie media, inclusiv a dou\u0103 manuale pentru liceu. Nicoleta lucreaz\u0103 cu profesori, bibliotecari \u0219i formatori, dar \u0219i cu tineri \u00een proiecte \u0219i ateliere de educa\u0163ie media de aproape 20 ani. Crede c\u0103 educa\u021bia media ar trebui s\u0103 fie parte integrant\u0103 \u00een formarea noastr\u0103 pe tot parcursul vie\u021bii. Este pre\u0219edinta asocia\u021biei Mediawise Society, co-fondatoare a International Association of Media Education (IAME) \u0219i lector asociat la Universitatea din Bucure\u0219ti unde pred\u0103 cursul \u2018Educa\u021bie, Media \u0219i Comunicare\u2019 studen\u021bilor de la \u0218tiin\u021bele Educa\u021biei. Nicoleta are licen\u021b\u0103 \u00een Jurnalism \u0219i a absolvit University of Westminster din Londra cu un Master \u00een Comunicare.<\/p>\n<\/div><\/div>\n","protected":false},"excerpt":{"rendered":"<p>Nicoleta FOTIADE este expert\u0103-formatoare \u00een domeniul educa\u0163iei media \u0219i digitale, (co)autoare a mai multor studii de cercetare media \u0219i resurse educa\u021bionale de educa\u021bie media, inclusiv a dou\u0103 manuale pentru liceu. Nicoleta lucreaz\u0103 cu profesori, bibliotecari \u0219i formatori, dar \u0219i cu tineri \u00een proiecte \u0219i ateliere de educa\u0163ie media de aproape 20 ani. Crede c\u0103 educa\u021bia [&hellip;]<\/p>\n","protected":false},"author":2,"featured_media":1812,"comment_status":"closed","ping_status":"closed","sticky":false,"template":"","format":"standard","meta":[],"categories":[13],"tags":[],"_links":{"self":[{"href":"https:\/\/medialiteracyforum.media-azi.md\/index.php\/wp-json\/wp\/v2\/posts\/2278"}],"collection":[{"href":"https:\/\/medialiteracyforum.media-azi.md\/index.php\/wp-json\/wp\/v2\/posts"}],"about":[{"href":"https:\/\/medialiteracyforum.media-azi.md\/index.php\/wp-json\/wp\/v2\/types\/post"}],"author":[{"embeddable":true,"href":"https:\/\/medialiteracyforum.media-azi.md\/index.php\/wp-json\/wp\/v2\/users\/2"}],"replies":[{"embeddable":true,"href":"https:\/\/medialiteracyforum.media-azi.md\/index.php\/wp-json\/wp\/v2\/comments?post=2278"}],"version-history":[{"count":3,"href":"https:\/\/medialiteracyforum.media-azi.md\/index.php\/wp-json\/wp\/v2\/posts\/2278\/revisions"}],"predecessor-version":[{"id":2282,"href":"https:\/\/medialiteracyforum.media-azi.md\/index.php\/wp-json\/wp\/v2\/posts\/2278\/revisions\/2282"}],"wp:featuredmedia":[{"embeddable":true,"href":"https:\/\/medialiteracyforum.media-azi.md\/index.php\/wp-json\/wp\/v2\/media\/1812"}],"wp:attachment":[{"href":"https:\/\/medialiteracyforum.media-azi.md\/index.php\/wp-json\/wp\/v2\/media?parent=2278"}],"wp:term":[{"taxonomy":"category","embeddable":true,"href":"https:\/\/medialiteracyforum.media-azi.md\/index.php\/wp-json\/wp\/v2\/categories?post=2278"},{"taxonomy":"post_tag","embeddable":true,"href":"https:\/\/medialiteracyforum.media-azi.md\/index.php\/wp-json\/wp\/v2\/tags?post=2278"}],"curies":[{"name":"wp","href":"https:\/\/api.w.org\/{rel}","templated":true}]}}