{"id":2291,"date":"2023-09-05T14:56:24","date_gmt":"2023-09-05T11:56:24","guid":{"rendered":"https:\/\/medialiteracyforum.media-azi.md\/?p=2291"},"modified":"2025-09-05T14:58:25","modified_gmt":"2025-09-05T11:58:25","slug":"valentina-olaru","status":"publish","type":"post","link":"https:\/\/medialiteracyforum.media-azi.md\/index.php\/2023\/09\/05\/valentina-olaru\/","title":{"rendered":"Valentina OLARU"},"content":{"rendered":"\n<div class=\"wp-block-media-text is-stacked-on-mobile\"><figure class=\"wp-block-media-text__media\"><img loading=\"lazy\" width=\"503\" height=\"480\" src=\"https:\/\/medialiteracyforum.media-azi.md\/wp-content\/uploads\/2023\/09\/Valentina-Olaru.jpg\" alt=\"\" class=\"wp-image-1720 size-full\" srcset=\"https:\/\/medialiteracyforum.media-azi.md\/wp-content\/uploads\/2023\/09\/Valentina-Olaru.jpg 503w, https:\/\/medialiteracyforum.media-azi.md\/wp-content\/uploads\/2023\/09\/Valentina-Olaru-300x286.jpg 300w\" sizes=\"(max-width: 503px) 100vw, 503px\" \/><\/figure><div class=\"wp-block-media-text__content\">\n<h1><strong><strong><strong>Valentina<\/strong> OLARU<\/strong><\/strong><\/h1>\n\n\n\n<p>este secretar\u0103 de stat \u00een cadrul Ministerului Educa\u021biei \u0219i Cercet\u0103rii al Republicii Moldova. Este doctor \u00een \u0219tiin\u021be pedagogice \u0219i de\u021bine titlul de master \u00een \u0218tiin\u0163e ale educa\u0163iei.\u00a0Are o experien\u021b\u0103 de peste 30 de ani \u00een sistemul educa\u021bional, fiind directoare adjunct\u0103 \u0219i directoare a Liceului Teoretic \u201eLucian Blaga\u201d din Chi\u0219in\u0103u. A fost expert\u0103 \u00een cadrul mai multor programe \u0219i coautoare a studiilor de dezvoltare a domeniului educa\u021biei din Republica Moldova.\u00a0Valentina Olaru are experien\u021b\u0103 \u00een ceea ce prive\u0219te elaborarea \u0219i implementarea documentelor de politici educa\u021bionale. Este autoare de curricul\u0103 na\u021bional\u0103, programe de examen, precum \u0219i programe de formare a cadrelor didactice.<\/p>\n<\/div><\/div>\n\n\n\n<p><\/p>\n","protected":false},"excerpt":{"rendered":"<p>Valentina OLARU este secretar\u0103 de stat \u00een cadrul Ministerului Educa\u021biei \u0219i Cercet\u0103rii al Republicii Moldova. Este doctor \u00een \u0219tiin\u021be pedagogice \u0219i de\u021bine titlul de master \u00een \u0218tiin\u0163e ale educa\u0163iei.\u00a0Are o experien\u021b\u0103 de peste 30 de ani \u00een sistemul educa\u021bional, fiind directoare adjunct\u0103 \u0219i directoare a Liceului Teoretic \u201eLucian Blaga\u201d din Chi\u0219in\u0103u. A fost expert\u0103 \u00een [&hellip;]<\/p>\n","protected":false},"author":2,"featured_media":1720,"comment_status":"closed","ping_status":"closed","sticky":false,"template":"","format":"standard","meta":[],"categories":[13],"tags":[],"_links":{"self":[{"href":"https:\/\/medialiteracyforum.media-azi.md\/index.php\/wp-json\/wp\/v2\/posts\/2291"}],"collection":[{"href":"https:\/\/medialiteracyforum.media-azi.md\/index.php\/wp-json\/wp\/v2\/posts"}],"about":[{"href":"https:\/\/medialiteracyforum.media-azi.md\/index.php\/wp-json\/wp\/v2\/types\/post"}],"author":[{"embeddable":true,"href":"https:\/\/medialiteracyforum.media-azi.md\/index.php\/wp-json\/wp\/v2\/users\/2"}],"replies":[{"embeddable":true,"href":"https:\/\/medialiteracyforum.media-azi.md\/index.php\/wp-json\/wp\/v2\/comments?post=2291"}],"version-history":[{"count":2,"href":"https:\/\/medialiteracyforum.media-azi.md\/index.php\/wp-json\/wp\/v2\/posts\/2291\/revisions"}],"predecessor-version":[{"id":2294,"href":"https:\/\/medialiteracyforum.media-azi.md\/index.php\/wp-json\/wp\/v2\/posts\/2291\/revisions\/2294"}],"wp:featuredmedia":[{"embeddable":true,"href":"https:\/\/medialiteracyforum.media-azi.md\/index.php\/wp-json\/wp\/v2\/media\/1720"}],"wp:attachment":[{"href":"https:\/\/medialiteracyforum.media-azi.md\/index.php\/wp-json\/wp\/v2\/media?parent=2291"}],"wp:term":[{"taxonomy":"category","embeddable":true,"href":"https:\/\/medialiteracyforum.media-azi.md\/index.php\/wp-json\/wp\/v2\/categories?post=2291"},{"taxonomy":"post_tag","embeddable":true,"href":"https:\/\/medialiteracyforum.media-azi.md\/index.php\/wp-json\/wp\/v2\/tags?post=2291"}],"curies":[{"name":"wp","href":"https:\/\/api.w.org\/{rel}","templated":true}]}}