{"id":2324,"date":"2025-09-11T15:42:52","date_gmt":"2025-09-11T12:42:52","guid":{"rendered":"https:\/\/medialiteracyforum.media-azi.md\/?p=2324"},"modified":"2025-09-11T15:45:33","modified_gmt":"2025-09-11T12:45:33","slug":"gabriela-lungu","status":"publish","type":"post","link":"https:\/\/medialiteracyforum.media-azi.md\/index.php\/2025\/09\/11\/gabriela-lungu\/","title":{"rendered":"Gabriela LUNGU"},"content":{"rendered":"\n<div class=\"wp-block-media-text is-stacked-on-mobile\"><figure class=\"wp-block-media-text__media\"><img loading=\"lazy\" width=\"640\" height=\"641\" src=\"https:\/\/medialiteracyforum.media-azi.md\/wp-content\/uploads\/2025\/09\/84302389_1434967449998869_3861170689956380672_n-640x641-1.jpg\" alt=\"\" class=\"wp-image-2326 size-full\" srcset=\"https:\/\/medialiteracyforum.media-azi.md\/wp-content\/uploads\/2025\/09\/84302389_1434967449998869_3861170689956380672_n-640x641-1.jpg 640w, https:\/\/medialiteracyforum.media-azi.md\/wp-content\/uploads\/2025\/09\/84302389_1434967449998869_3861170689956380672_n-640x641-1-300x300.jpg 300w, https:\/\/medialiteracyforum.media-azi.md\/wp-content\/uploads\/2025\/09\/84302389_1434967449998869_3861170689956380672_n-640x641-1-150x150.jpg 150w, https:\/\/medialiteracyforum.media-azi.md\/wp-content\/uploads\/2025\/09\/84302389_1434967449998869_3861170689956380672_n-640x641-1-400x400.jpg 400w, https:\/\/medialiteracyforum.media-azi.md\/wp-content\/uploads\/2025\/09\/84302389_1434967449998869_3861170689956380672_n-640x641-1-100x100.jpg 100w\" sizes=\"(max-width: 640px) 100vw, 640px\" \/><\/figure><div class=\"wp-block-media-text__content\">\n<h1><strong><strong><strong>Gabriela LUNGU<\/strong><\/strong><\/strong><\/h1>\n\n\n\n<p>este actri\u021b\u0103 \u0219i directoarea Teatrului Municipal de P\u0103pu\u0219i \u201eGugu\u021b\u0103\u201d. Laureat\u0103 a mai multor Festivaluri Na\u0163ionale \u015fi Interna\u0163ionale din Belfort, Charleville-Mezieres, Paris (Fran\u0163a); Silistra (Bulgaria); Taipei (Taiwan); Bac\u0103u, Vaslui, Bucure\u015fti, Constan\u0163a, Gala\u0163i, T\u00e2rgu-Mure\u015f, Cluj (Rom\u00e2nia) etc. Este autoarea \u0219i fondatoarea Festivalului Na\u0163ional de Teatru pentru Copii \u201eAcas\u0103 la Gugu\u0163\u0103\u201d. \u00cen calitate de directoare a Teatrului \u201eGugu\u021b\u0103\u201d a sus\u021binut ini\u021biativa Centrului pentru Jurnalism Independent de a pune \u00een scen\u0103 spectacolul <a href=\"mailto:PikPok.online@gugu%C8%9B%C4%83\">PikPok.online@gugu\u021b\u0103<\/a>\u00a0&#8211; o adaptare dup\u0103 povestea educa\u021bional\u0103 \u201eUn click din col\u0163i sau Lupul Manipulator\u201d, inclus\u0103 \u00een repertoriul Teatrului din 2022.<\/p>\n<\/div><\/div>\n\n\n\n<p><\/p>\n","protected":false},"excerpt":{"rendered":"<p>Gabriela LUNGU este actri\u021b\u0103 \u0219i directoarea Teatrului Municipal de P\u0103pu\u0219i \u201eGugu\u021b\u0103\u201d. Laureat\u0103 a mai multor Festivaluri Na\u0163ionale \u015fi Interna\u0163ionale din Belfort, Charleville-Mezieres, Paris (Fran\u0163a); Silistra (Bulgaria); Taipei (Taiwan); Bac\u0103u, Vaslui, Bucure\u015fti, Constan\u0163a, Gala\u0163i, T\u00e2rgu-Mure\u015f, Cluj (Rom\u00e2nia) etc. Este autoarea \u0219i fondatoarea Festivalului Na\u0163ional de Teatru pentru Copii \u201eAcas\u0103 la Gugu\u0163\u0103\u201d. \u00cen calitate de directoare a [&hellip;]<\/p>\n","protected":false},"author":2,"featured_media":2326,"comment_status":"closed","ping_status":"closed","sticky":false,"template":"","format":"standard","meta":[],"categories":[18],"tags":[],"_links":{"self":[{"href":"https:\/\/medialiteracyforum.media-azi.md\/index.php\/wp-json\/wp\/v2\/posts\/2324"}],"collection":[{"href":"https:\/\/medialiteracyforum.media-azi.md\/index.php\/wp-json\/wp\/v2\/posts"}],"about":[{"href":"https:\/\/medialiteracyforum.media-azi.md\/index.php\/wp-json\/wp\/v2\/types\/post"}],"author":[{"embeddable":true,"href":"https:\/\/medialiteracyforum.media-azi.md\/index.php\/wp-json\/wp\/v2\/users\/2"}],"replies":[{"embeddable":true,"href":"https:\/\/medialiteracyforum.media-azi.md\/index.php\/wp-json\/wp\/v2\/comments?post=2324"}],"version-history":[{"count":2,"href":"https:\/\/medialiteracyforum.media-azi.md\/index.php\/wp-json\/wp\/v2\/posts\/2324\/revisions"}],"predecessor-version":[{"id":2327,"href":"https:\/\/medialiteracyforum.media-azi.md\/index.php\/wp-json\/wp\/v2\/posts\/2324\/revisions\/2327"}],"wp:featuredmedia":[{"embeddable":true,"href":"https:\/\/medialiteracyforum.media-azi.md\/index.php\/wp-json\/wp\/v2\/media\/2326"}],"wp:attachment":[{"href":"https:\/\/medialiteracyforum.media-azi.md\/index.php\/wp-json\/wp\/v2\/media?parent=2324"}],"wp:term":[{"taxonomy":"category","embeddable":true,"href":"https:\/\/medialiteracyforum.media-azi.md\/index.php\/wp-json\/wp\/v2\/categories?post=2324"},{"taxonomy":"post_tag","embeddable":true,"href":"https:\/\/medialiteracyforum.media-azi.md\/index.php\/wp-json\/wp\/v2\/tags?post=2324"}],"curies":[{"name":"wp","href":"https:\/\/api.w.org\/{rel}","templated":true}]}}