{"id":2386,"date":"2025-09-17T17:18:00","date_gmt":"2025-09-17T14:18:00","guid":{"rendered":"https:\/\/medialiteracyforum.media-azi.md\/?p=2386"},"modified":"2025-09-17T17:20:34","modified_gmt":"2025-09-17T14:20:34","slug":"10-30-11-00-2","status":"publish","type":"post","link":"https:\/\/medialiteracyforum.media-azi.md\/index.php\/2025\/09\/17\/10-30-11-00-2\/","title":{"rendered":"10.30-11.00"},"content":{"rendered":"\n<p>Sesiunea II \u201eIntegrarea educa\u021biei media \u00een cadrul disciplinelor de baz\u0103 \u2013 etape, provoc\u0103ri, perspective\u201d<\/p>\n\n\n\n<div class=\"wp-block-media-text is-stacked-on-mobile\"><figure class=\"wp-block-media-text__media\"><img loading=\"lazy\" width=\"300\" height=\"300\" src=\"https:\/\/medialiteracyforum.media-azi.md\/wp-content\/uploads\/2021\/08\/3-porg.png\" alt=\"\" class=\"wp-image-1230 size-full\" srcset=\"https:\/\/medialiteracyforum.media-azi.md\/wp-content\/uploads\/2021\/08\/3-porg.png 300w, https:\/\/medialiteracyforum.media-azi.md\/wp-content\/uploads\/2021\/08\/3-porg-150x150.png 150w, https:\/\/medialiteracyforum.media-azi.md\/wp-content\/uploads\/2021\/08\/3-porg-100x100.png 100w\" sizes=\"(max-width: 300px) 100vw, 300px\" \/><\/figure><div class=\"wp-block-media-text__content\">\n<h2 style=\"font-size:40px\">Vorbitoare:<\/h2>\n\n\n\n<p>Natalia <strong>GR\u00ceU<\/strong>, expert\u0103 \u0219i formatoare, Educa\u021bie pentru media<\/p>\n\n\n\n<p>Daniela <strong>T\u00ceRS\u00ceN\u0102<\/strong>, consultant\u0103 principal\u0103, Direc\u021bia politici \u00een \u00eenv\u0103\u0163\u0103m\u00e2ntul general, MEC<\/p>\n\n\n\n<p>Cristina <strong>CERNEI<\/strong>, profesoar\u0103, LT \u201eOnisifor Ghibu\u201d, mun. Chi\u0219in\u0103u<\/p>\n\n\n\n<p><\/p>\n\n\n\n<p><\/p>\n\n\n\n<div class=\"wp-block-columns\">\n<div class=\"wp-block-column\" style=\"flex-basis:100%\">\n<div style=\"height:30px\" aria-hidden=\"true\" class=\"wp-block-spacer\"><\/div>\n<\/div>\n<\/div>\n<\/div><\/div>\n","protected":false},"excerpt":{"rendered":"<p>Sesiunea II \u201eIntegrarea educa\u021biei media \u00een cadrul disciplinelor de baz\u0103 \u2013 etape, provoc\u0103ri, perspective\u201d<\/p>\n","protected":false},"author":2,"featured_media":1230,"comment_status":"open","ping_status":"open","sticky":false,"template":"","format":"standard","meta":[],"categories":[19],"tags":[],"_links":{"self":[{"href":"https:\/\/medialiteracyforum.media-azi.md\/index.php\/wp-json\/wp\/v2\/posts\/2386"}],"collection":[{"href":"https:\/\/medialiteracyforum.media-azi.md\/index.php\/wp-json\/wp\/v2\/posts"}],"about":[{"href":"https:\/\/medialiteracyforum.media-azi.md\/index.php\/wp-json\/wp\/v2\/types\/post"}],"author":[{"embeddable":true,"href":"https:\/\/medialiteracyforum.media-azi.md\/index.php\/wp-json\/wp\/v2\/users\/2"}],"replies":[{"embeddable":true,"href":"https:\/\/medialiteracyforum.media-azi.md\/index.php\/wp-json\/wp\/v2\/comments?post=2386"}],"version-history":[{"count":2,"href":"https:\/\/medialiteracyforum.media-azi.md\/index.php\/wp-json\/wp\/v2\/posts\/2386\/revisions"}],"predecessor-version":[{"id":2388,"href":"https:\/\/medialiteracyforum.media-azi.md\/index.php\/wp-json\/wp\/v2\/posts\/2386\/revisions\/2388"}],"wp:featuredmedia":[{"embeddable":true,"href":"https:\/\/medialiteracyforum.media-azi.md\/index.php\/wp-json\/wp\/v2\/media\/1230"}],"wp:attachment":[{"href":"https:\/\/medialiteracyforum.media-azi.md\/index.php\/wp-json\/wp\/v2\/media?parent=2386"}],"wp:term":[{"taxonomy":"category","embeddable":true,"href":"https:\/\/medialiteracyforum.media-azi.md\/index.php\/wp-json\/wp\/v2\/categories?post=2386"},{"taxonomy":"post_tag","embeddable":true,"href":"https:\/\/medialiteracyforum.media-azi.md\/index.php\/wp-json\/wp\/v2\/tags?post=2386"}],"curies":[{"name":"wp","href":"https:\/\/api.w.org\/{rel}","templated":true}]}}