{"id":574,"date":"2021-08-18T14:56:38","date_gmt":"2021-08-18T14:56:38","guid":{"rendered":"https:\/\/demo.hashthemes.com\/total\/?p=574"},"modified":"2021-08-18T17:52:19","modified_gmt":"2021-08-18T17:52:19","slug":"save-money-by-traveling-to-these-9-places-in-winter","status":"publish","type":"post","link":"https:\/\/medialiteracyforum.media-azi.md\/index.php\/2021\/08\/18\/save-money-by-traveling-to-these-9-places-in-winter\/","title":{"rendered":"CJI lanseaz\u0103 primul forum de educa\u021bie media &#8211; Moldova Media Literacy Forum"},"content":{"rendered":"\n<figure class=\"wp-block-gallery columns-1 is-cropped\"><ul class=\"blocks-gallery-grid\"><li class=\"blocks-gallery-item\"><figure><img loading=\"lazy\" width=\"1024\" height=\"427\" src=\"https:\/\/medialiteracyforum.media-azi.md\/wp-content\/uploads\/2021\/08\/modern-business-office-1-\u0432\u043e\u0441\u0441\u0442\u0430\u043d\u043e\u0432\u043b\u0435\u043d\u043e-1-1024x427.jpg\" alt=\"\" data-id=\"1248\" data-full-url=\"https:\/\/medialiteracyforum.media-azi.md\/wp-content\/uploads\/2021\/08\/modern-business-office-1-\u0432\u043e\u0441\u0441\u0442\u0430\u043d\u043e\u0432\u043b\u0435\u043d\u043e-1.jpg\" data-link=\"https:\/\/medialiteracyforum.media-azi.md\/index.php\/start-your-own-business\/modern-business-office-1-%d0%b2%d0%be%d1%81%d1%81%d1%82%d0%b0%d0%bd%d0%be%d0%b2%d0%bb%d0%b5%d0%bd%d0%be-2\/\" class=\"wp-image-1248\" srcset=\"https:\/\/medialiteracyforum.media-azi.md\/wp-content\/uploads\/2021\/08\/modern-business-office-1-\u0432\u043e\u0441\u0441\u0442\u0430\u043d\u043e\u0432\u043b\u0435\u043d\u043e-1-1024x427.jpg 1024w, https:\/\/medialiteracyforum.media-azi.md\/wp-content\/uploads\/2021\/08\/modern-business-office-1-\u0432\u043e\u0441\u0441\u0442\u0430\u043d\u043e\u0432\u043b\u0435\u043d\u043e-1-300x125.jpg 300w, https:\/\/medialiteracyforum.media-azi.md\/wp-content\/uploads\/2021\/08\/modern-business-office-1-\u0432\u043e\u0441\u0441\u0442\u0430\u043d\u043e\u0432\u043b\u0435\u043d\u043e-1-768x320.jpg 768w, https:\/\/medialiteracyforum.media-azi.md\/wp-content\/uploads\/2021\/08\/modern-business-office-1-\u0432\u043e\u0441\u0441\u0442\u0430\u043d\u043e\u0432\u043b\u0435\u043d\u043e-1-1536x640.jpg 1536w, https:\/\/medialiteracyforum.media-azi.md\/wp-content\/uploads\/2021\/08\/modern-business-office-1-\u0432\u043e\u0441\u0441\u0442\u0430\u043d\u043e\u0432\u043b\u0435\u043d\u043e-1.jpg 1920w\" sizes=\"(max-width: 1024px) 100vw, 1024px\" \/><\/figure><\/li><\/ul><\/figure>\n\n\n\n<p>Centrul pentru Jurnalism Independent (CJI) lanseaz\u0103 \u00a0primul forum de educa\u021bie media \u2013 <strong>Moldova Media Literacy Forum<\/strong>. Prin acest eveniment, CJI \u00ee\u0219i propune s\u0103 adune la Chi\u0219in\u0103u profesori \u0219i profesoare de Educa\u021bie pentru media, exper\u021bi locali \u0219i de peste hotare, pentru a pune \u00een discu\u021bie ultimele evolu\u021bii \u00een domeniu, a afla experien\u021ba \u021b\u0103rilor vecine \u0219i a analiza perspectivele acestei noi discipline \u00een R. Moldova. Forumul va avea loc pe <strong>17 septembrie, 2021<\/strong>, \u00een Clasa Viitorului din incinta UPS \u201eIon Creang\u0103\u201d.<\/p>\n\n\n\n<p>\u00cen debutul celui de-al cincilea an de predare a Educa\u021biei pentru media, CJI invit\u0103 profesorii care au urmat programele de instruire \u00een domeniu s\u0103 participe la Moldova Media Literacy Forum pentru a discuta despre poten\u021bialul \u0219i perspectivele educa\u021biei media \u00een Republica Moldova, dar \u0219i pentru face un schimb util de experien\u021b\u0103 cu reprezentan\u021bi ai \u021b\u0103rilor din regiune.<\/p>\n\n\n\n<p class=\"has-text-align-left\">\u00cen cea de-a doua parte a zilei, vor fi organizate \u0219ase masterclassuri la care profesorii vor avea posibilitatea s\u0103 se \u00eenregistreze \u00een prealabil, \u00een func\u021bie de preferin\u021be. Subiectele discutate vor viza integrarea conceptelor de Educa\u021bie pentru media \u00een cadrul disciplinelor reale \u0219i umaniste, precum \u0219i tehnicile de predare a Educa\u021biei pentru media \u00een \u0219coal\u0103. De asemenea, participan\u021bii vor discuta despre influenceri \u0219i valorile pe care ace\u0219tia le promoveaz\u0103, vor analiza fenomenul cyberbullyingului prin prisma aspectelor psihologice \u0219i vor \u00eencerca s\u0103 afle ce presupune dezordinea informa\u021biei pe timp de pandemie.<\/p>\n\n\n\n<p>Profesorii \u0219i profesoarele sunt \u00eencuraja\u021bi\/te s\u0103 se \u00eenregistreze la eveniment folosind butonul<strong>&nbsp;<\/strong><em><strong><a href=\"https:\/\/medialiteracyforum.media-azi.md\/wp-admin\/customize.php?url=https%3A%2F%2Fmedialiteracyforum.media-azi.md%2F\">\u00cenregistreaz\u0103-te&nbsp;<\/a><\/strong><\/em>de pe platforma <a href=\"https:\/\/medialiteracyforum.media-azi.md\/wp-admin\/customize.php?url=https%3A%2F%2Fmedialiteracyforum.media-azi.md%2F\">Moldova Media Literacy Forum<\/a>.<\/p>\n\n\n\n<p>\u00cen condi\u021bii de pandemie, num\u0103rul de participan\u021bi la eveniment este limitat. Prin urmare, \u00eendemn\u0103m profesorii s\u0103 se \u00eenregistreze din timp. CJI va asigura m\u0103surile necesare de protec\u021bie impuse \u00een situa\u021bie de pandemie, prin men\u021binerea distan\u021bei fizice dintre participan\u021bi \u0219i punerea la dispozi\u021bie a m\u0103\u0219tilor \u0219i dezinfectan\u021bilor.<\/p>\n\n\n\n<p>\u00cen rezultatul discu\u021biilor \u0219i activit\u0103\u021bilor din cadrul evenimentului va fi elaborat\u0103 \u0219i propus\u0103 pentru adoptare Rezolu\u021bia Moldova Media Literacy Forum care va fi transmis\u0103 Ministerului Educa\u021biei \u0219i Cercet\u0103rii.<\/p>\n\n\n\n<p><em>Moldova Media Literacy Forum este organizat de Centrul pentru Jurnalism Independent \u00een cadrul proiectului \u201ePresa \u00een sprijinul democra\u0163iei, incluziunii \u015fi responsabilit\u0103\u0163ii \u00een Moldova\u201d (MEDIA-M), implementat de Internews \u00een Moldova \u015fi finan\u0163at de USAID \u0219i UK. &nbsp;La fel, partener al CJI \u00een cadrul acestui eveniment este \u0219i Deutsche Welle Akademie.<\/em><em><\/em><\/p>\n","protected":false},"excerpt":{"rendered":"<p>Centrul pentru Jurnalism Independent (CJI) lanseaz\u0103 \u00a0primul forum de educa\u021bie media \u2013 Moldova Media Literacy Forum. Prin acest eveniment, CJI \u00ee\u0219i propune s\u0103 adune la Chi\u0219in\u0103u profesori \u0219i profesoare de Educa\u021bie pentru media, exper\u021bi locali \u0219i de peste hotare, pentru a pune \u00een discu\u021bie ultimele evolu\u021bii \u00een domeniu, a afla experien\u021ba \u021b\u0103rilor vecine \u0219i a [&hellip;]<\/p>\n","protected":false},"author":1,"featured_media":1248,"comment_status":"open","ping_status":"open","sticky":false,"template":"","format":"standard","meta":[],"categories":[8],"tags":[],"_links":{"self":[{"href":"https:\/\/medialiteracyforum.media-azi.md\/index.php\/wp-json\/wp\/v2\/posts\/574"}],"collection":[{"href":"https:\/\/medialiteracyforum.media-azi.md\/index.php\/wp-json\/wp\/v2\/posts"}],"about":[{"href":"https:\/\/medialiteracyforum.media-azi.md\/index.php\/wp-json\/wp\/v2\/types\/post"}],"author":[{"embeddable":true,"href":"https:\/\/medialiteracyforum.media-azi.md\/index.php\/wp-json\/wp\/v2\/users\/1"}],"replies":[{"embeddable":true,"href":"https:\/\/medialiteracyforum.media-azi.md\/index.php\/wp-json\/wp\/v2\/comments?post=574"}],"version-history":[{"count":5,"href":"https:\/\/medialiteracyforum.media-azi.md\/index.php\/wp-json\/wp\/v2\/posts\/574\/revisions"}],"predecessor-version":[{"id":1455,"href":"https:\/\/medialiteracyforum.media-azi.md\/index.php\/wp-json\/wp\/v2\/posts\/574\/revisions\/1455"}],"wp:featuredmedia":[{"embeddable":true,"href":"https:\/\/medialiteracyforum.media-azi.md\/index.php\/wp-json\/wp\/v2\/media\/1248"}],"wp:attachment":[{"href":"https:\/\/medialiteracyforum.media-azi.md\/index.php\/wp-json\/wp\/v2\/media?parent=574"}],"wp:term":[{"taxonomy":"category","embeddable":true,"href":"https:\/\/medialiteracyforum.media-azi.md\/index.php\/wp-json\/wp\/v2\/categories?post=574"},{"taxonomy":"post_tag","embeddable":true,"href":"https:\/\/medialiteracyforum.media-azi.md\/index.php\/wp-json\/wp\/v2\/tags?post=574"}],"curies":[{"name":"wp","href":"https:\/\/api.w.org\/{rel}","templated":true}]}}